{"id":1847,"date":"2025-12-09T18:53:00","date_gmt":"2025-12-09T18:53:00","guid":{"rendered":"https:\/\/cloudbyte7.com\/9932ba5d-f02b-4088-aefa-901c56df0a5b\/"},"modified":"2025-12-09T18:53:50","modified_gmt":"2025-12-09T18:53:50","slug":"9932ba5d-f02b-4088-aefa-901c56df0a5b","status":"publish","type":"post","link":"https:\/\/cloudbyte7.com\/de\/9932ba5d-f02b-4088-aefa-901c56df0a5b\/","title":{"rendered":"Jovem Aprendiz CLAMED: Chance de Desenvolvimento, Benef\u00edcios e Crescimento"},"content":{"rendered":"<div class=\"mx-5 sm:mx-0 prose text-left mb-5\">\n<\/p>\n<div style=\"background: #ffffff; border-radius: 12px; box-shadow: 0 10px 30px rgba(0, 0, 0, 0.1); width: 100%; max-width: 340px; padding: 25px; transition: transform 0.3s ease-in-out; overflow: visible; display: flex; flex-direction: column; position: relative; border: 1px solid #28a745; margin-top: 70px; margin-bottom: 50px; margin-left: auto; margin-right: auto;\">\n<div style=\"position: absolute; top: -35px; right: 15px; color: #28a745; padding: 5px 10px; border-radius: 6px; font-size: 14px; font-weight: bold; display: flex; align-items: center; z-index: 10;\">Recomendado para voc\u00ea<\/div>\n<div data-namespace-header=\"\" style=\"\">\n<h3 data-namespace-title=\"\" style=\"color: #333; font-size: 20px; font-weight: bold; text-align: left; margin-right: 50px; min-height: 50px; margin-top: 0px;\">Jovem Aprendiz<\/h3>\n<\/p><\/div>\n<p data-namespace-prompt=\"\" style=\"font-size: 16px; color: #666; margin-bottom: 20px; line-height: 1.5; flex-grow: 1; text-align: left; margin-top: 0px;\">Oportunidade para quem busca o primeiro emprego, com benef\u00edcios como vale-transporte e plataforma de sa\u00fade, al\u00e9m de hor\u00e1rio flex\u00edvel e forma\u00e7\u00e3o te\u00f3rica combinada ao trabalho pr\u00e1tico.<\/p>\n<p>    <a data-namespace-url=\"\" href=\"https:\/\/cloudbyte7.com\/de\/redirect\/?https:\/\/clamedaprendiz.gupy.io\/jobs\/10473314?jobBoardSource=gupy_public_page&#038;utm_campaign=google_jobs_apply&#038;utm_source=google_jobs_apply&#038;utm_medium=organic\" style=\"width: 100%; display: inline-block; color: white; text-decoration: none; border-radius: 6px; font-size: 16px; font-weight: bold; text-align: center; transition: transform 0.3s ease, background 0.3s ease; margin-top: auto;\" data-namespace-id=\"5c0d2565-3ba9-4280-a382-ad2a691e2285\"><br \/>\n        <button style=\"width: 100%; height: 55px; background: #e9e9ed; border: 1px solid black; color: black;\">Candidatar-se \u00e0 vaga<\/button><br \/>\n    <\/a><br \/>\n    <small style=\"margin-top: 10px; color: #777; font-size: 12px; text-align: center; display: block;\">Sie wurden zur Outro-Site weitergeleitet<\/small>\n<\/div>\n<p>Se voc\u00ea est\u00e1 \u00e0 procura do seu primeiro emprego e deseja iniciar a carreira em uma empresa reconhecida, a vaga de Jovem Aprendiz CLAMED pode ser uma \u00f3tima escolha. Voltada para estudantes do Ensino Fundamental ou M\u00e9dio, a oportunidade apresenta jornada de 20 horas semanais e n\u00e3o exige experi\u00eancia anterior. O modelo \u00e9 presencial, ideal para quem quer aprender na pr\u00e1tica em um ambiente din\u00e2mico, e o processo seletivo \u00e9 transparente e dividido em etapas.<\/p>\n<h2>Principais tarefas do dia a dia<\/h2>\n<p>O Jovem Aprendiz dar\u00e1 suporte em atividades administrativas, controles de estoque e atendimento telef\u00f4nico. Al\u00e9m disso, participa da reposi\u00e7\u00e3o de mercadorias e confer\u00eancia de notas fiscais.<\/p>\n<p>Entre as atribui\u00e7\u00f5es, est\u00e1 a realiza\u00e7\u00e3o de pequenos balan\u00e7os e organiza\u00e7\u00e3o de prateleiras. A rotina contribui muito para o desenvolvimento de senso de responsabilidade e trabalho em equipe.<\/p>\n<p>Os jovens tamb\u00e9m devem ajudar a montar g\u00f4ndolas e conferir pedidos de distribuidoras, adquirindo experi\u00eancia de campo importante para carreira futura.<\/p>\n<p>H\u00e1 aulas te\u00f3ricas oferecidas em parceria com o Senac, que complementam o momento pr\u00e1tico na loja. Ao final, a forma\u00e7\u00e3o \u00e9 completa e enriquecedora.<\/p>\n<h2>Pontos positivos da vaga<\/h2>\n<p>Quem busca o primeiro emprego se beneficiar\u00e1 de um pacote de vantagens importante. O vale-transporte viabiliza a locomo\u00e7\u00e3o sem custos extras.<\/p>\n<p>A plataforma Viva + Cuidados garante acompanhamento de sa\u00fade, incluindo acesso a psic\u00f3logos, m\u00e9dicos e nutricionistas sem custos, agregando valor ao bem-estar do colaborador.<\/p>\n<h2>Pontos negativos da vaga<\/h2>\n<p>Como toda vaga de entrada, o aprendizado \u00e9 intenso e pode exigir adapta\u00e7\u00e3o r\u00e1pida \u00e0 rotina e m\u00faltiplas tarefas.<\/p>\n<p>O hor\u00e1rio fixo pode n\u00e3o ser t\u00e3o flex\u00edvel quanto outras modalidades, o que deve ser considerado se voc\u00ea tem muitos compromissos externos.<\/p>\n<h2>Veredito final<\/h2>\n<p>A fun\u00e7\u00e3o de Jovem Aprendiz na CLAMED se destaca por oferecer experi\u00eancia pr\u00e1tica, benef\u00edcios consistentes e perspectiva de crescimento em um ambiente tradicionalmente respeitado.<\/p>\n<p>Ideal para quem busca iniciar carreira, aprender na pr\u00e1tica e fazer parte de uma equipe que valoriza o desenvolvimento jovem.<\/p>\n<div style=\"background: #ffffff; border-radius: 12px; box-shadow: 0 10px 30px rgba(0, 0, 0, 0.1); width: 100%; max-width: 340px; padding: 25px; transition: transform 0.3s ease-in-out; overflow: visible; display: flex; flex-direction: column; position: relative; border: 1px solid #28a745; margin-top: 70px; margin-bottom: 50px; margin-left: auto; margin-right: auto;\">\n<div style=\"position: absolute; top: -35px; right: 15px; color: #28a745; padding: 5px 10px; border-radius: 6px; font-size: 14px; font-weight: bold; display: flex; align-items: center; z-index: 10;\">Recomendado para voc\u00ea<\/div>\n<div data-namespace-header=\"\" style=\"\">\n<h3 data-namespace-title=\"\" style=\"color: #333; font-size: 20px; font-weight: bold; text-align: left; margin-right: 50px; min-height: 50px; margin-top: 0px;\">Jovem Aprendiz<\/h3>\n<\/p><\/div>\n<p data-namespace-prompt=\"\" style=\"font-size: 16px; color: #666; margin-bottom: 20px; line-height: 1.5; flex-grow: 1; text-align: left; margin-top: 0px;\">Oportunidade para quem busca o primeiro emprego, com benef\u00edcios como vale-transporte e plataforma de sa\u00fade, al\u00e9m de hor\u00e1rio flex\u00edvel e forma\u00e7\u00e3o te\u00f3rica combinada ao trabalho pr\u00e1tico.<\/p>\n<p>    <a data-namespace-url=\"\" href=\"https:\/\/cloudbyte7.com\/de\/redirect\/?https:\/\/clamedaprendiz.gupy.io\/jobs\/10473314?jobBoardSource=gupy_public_page&#038;utm_campaign=google_jobs_apply&#038;utm_source=google_jobs_apply&#038;utm_medium=organic\" style=\"width: 100%; display: inline-block; color: white; text-decoration: none; border-radius: 6px; font-size: 16px; font-weight: bold; text-align: center; transition: transform 0.3s ease, background 0.3s ease; margin-top: auto;\" data-namespace-id=\"5c0d2565-3ba9-4280-a382-ad2a691e2285\"><br \/>\n        <button style=\"width: 100%; height: 55px; background: #e9e9ed; border: 1px solid black; color: black;\">Candidatar-se \u00e0 vaga<\/button><br \/>\n    <\/a><br \/>\n    <small style=\"margin-top: 10px; color: #777; font-size: 12px; text-align: center; display: block;\">Sie wurden zur Outro-Site weitergeleitet<\/small>\n<\/div>\n<\/div>","protected":false},"excerpt":{"rendered":"<p>Vaga de Jovem Aprendiz na CLAMED: \u00f3tima op\u00e7\u00e3o para quem busca o primeiro emprego, com benef\u00edcios, jornada reduzida e forma\u00e7\u00e3o pr\u00e1tica. Saiba mais e candidate-se j\u00e1!<\/p>","protected":false},"author":3,"featured_media":0,"comment_status":"open","ping_status":"open","sticky":false,"template":"","format":"standard","meta":{"footnotes":""},"categories":[15],"tags":[],"yoast_head":"<!-- This site is optimized with the Yoast SEO plugin v23.3 - https:\/\/yoast.com\/wordpress\/plugins\/seo\/ -->\n<title>Jovem Aprendiz CLAMED: Chance de Desenvolvimento, Benef\u00edcios e Crescimento - Cloud Byte 7<\/title>\n<meta name=\"robots\" content=\"index, follow, max-snippet:-1, max-image-preview:large, max-video-preview:-1\" \/>\n<link rel=\"canonical\" href=\"https:\/\/cloudbyte7.com\/de\/9932ba5d-f02b-4088-aefa-901c56df0a5b\/\" \/>\n<meta property=\"og:locale\" content=\"de_DE\" \/>\n<meta property=\"og:type\" content=\"article\" \/>\n<meta property=\"og:title\" content=\"Jovem Aprendiz CLAMED: Chance de Desenvolvimento, Benef\u00edcios e Crescimento - Cloud Byte 7\" \/>\n<meta property=\"og:description\" content=\"Vaga de Jovem Aprendiz na CLAMED: \u00f3tima op\u00e7\u00e3o para quem busca o primeiro emprego, com benef\u00edcios, jornada reduzida e forma\u00e7\u00e3o pr\u00e1tica. Saiba mais e candidate-se j\u00e1!\" \/>\n<meta property=\"og:url\" content=\"https:\/\/cloudbyte7.com\/de\/9932ba5d-f02b-4088-aefa-901c56df0a5b\/\" \/>\n<meta property=\"og:site_name\" content=\"Cloud Byte 7\" \/>\n<meta property=\"article:published_time\" content=\"2025-12-09T18:53:00+00:00\" \/>\n<meta property=\"article:modified_time\" content=\"2025-12-09T18:53:50+00:00\" \/>\n<meta name=\"author\" content=\"Bruno Gianni\" \/>\n<meta name=\"twitter:card\" content=\"summary_large_image\" \/>\n<meta name=\"twitter:label1\" content=\"Written by\" \/>\n\t<meta name=\"twitter:data1\" content=\"Bruno Gianni\" \/>\n\t<meta name=\"twitter:label2\" content=\"Est. reading time\" \/>\n\t<meta name=\"twitter:data2\" content=\"2 Minuten\" \/>\n<script type=\"application\/ld+json\" class=\"yoast-schema-graph\">{\"@context\":\"https:\/\/schema.org\",\"@graph\":[{\"@type\":\"WebPage\",\"@id\":\"https:\/\/cloudbyte7.com\/9932ba5d-f02b-4088-aefa-901c56df0a5b\/\",\"url\":\"https:\/\/cloudbyte7.com\/9932ba5d-f02b-4088-aefa-901c56df0a5b\/\",\"name\":\"Jovem Aprendiz CLAMED: Chance de Desenvolvimento, Benef\u00edcios e Crescimento - Cloud Byte 7\",\"isPartOf\":{\"@id\":\"https:\/\/cloudbyte7.com\/#website\"},\"datePublished\":\"2025-12-09T18:53:00+00:00\",\"dateModified\":\"2025-12-09T18:53:50+00:00\",\"author\":{\"@id\":\"https:\/\/cloudbyte7.com\/#\/schema\/person\/d52888235fd6563bd07d97185d6a61e4\"},\"breadcrumb\":{\"@id\":\"https:\/\/cloudbyte7.com\/9932ba5d-f02b-4088-aefa-901c56df0a5b\/#breadcrumb\"},\"inLanguage\":\"de-DE\",\"potentialAction\":[{\"@type\":\"ReadAction\",\"target\":[\"https:\/\/cloudbyte7.com\/9932ba5d-f02b-4088-aefa-901c56df0a5b\/\"]}]},{\"@type\":\"BreadcrumbList\",\"@id\":\"https:\/\/cloudbyte7.com\/9932ba5d-f02b-4088-aefa-901c56df0a5b\/#breadcrumb\",\"itemListElement\":[{\"@type\":\"ListItem\",\"position\":1,\"name\":\"Home\",\"item\":\"https:\/\/cloudbyte7.com\/\"},{\"@type\":\"ListItem\",\"position\":2,\"name\":\"Jovem Aprendiz CLAMED: Chance de Desenvolvimento, Benef\u00edcios e Crescimento\"}]},{\"@type\":\"WebSite\",\"@id\":\"https:\/\/cloudbyte7.com\/#website\",\"url\":\"https:\/\/cloudbyte7.com\/\",\"name\":\"Cloud Byte 7\",\"description\":\"\",\"potentialAction\":[{\"@type\":\"SearchAction\",\"target\":{\"@type\":\"EntryPoint\",\"urlTemplate\":\"https:\/\/cloudbyte7.com\/?s={search_term_string}\"},\"query-input\":\"required name=search_term_string\"}],\"inLanguage\":\"de-DE\"},{\"@type\":\"Person\",\"@id\":\"https:\/\/cloudbyte7.com\/#\/schema\/person\/d52888235fd6563bd07d97185d6a61e4\",\"name\":\"Bruno Gianni\",\"image\":{\"@type\":\"ImageObject\",\"inLanguage\":\"de-DE\",\"@id\":\"https:\/\/cloudbyte7.com\/#\/schema\/person\/image\/\",\"url\":\"https:\/\/secure.gravatar.com\/avatar\/0f5d42d7bf77874643c1478932860e3f?s=96&d=mm&r=g\",\"contentUrl\":\"https:\/\/secure.gravatar.com\/avatar\/0f5d42d7bf77874643c1478932860e3f?s=96&d=mm&r=g\",\"caption\":\"Bruno Gianni\"},\"description\":\"Bruno writes the way he lives, with curiosity, care, and respect for people. He likes to observe, listen, and try to understand what is happening on the other side before putting any words on the page.For him, writing is not about impressing, but about getting closer. It is about turning thoughts into something simple, clear, and real. Every text is an ongoing conversation, created with care and honesty, with the sincere intention of touching someone, somewhere along the way.\",\"url\":\"https:\/\/cloudbyte7.com\/de\/author\/bcgianni\/\"}]}<\/script>\n<!-- \/ Yoast SEO plugin. -->","yoast_head_json":{"title":"Jovem Aprendiz CLAMED: Chance de Desenvolvimento, Benef\u00edcios e Crescimento - Cloud Byte 7","robots":{"index":"index","follow":"follow","max-snippet":"max-snippet:-1","max-image-preview":"max-image-preview:large","max-video-preview":"max-video-preview:-1"},"canonical":"https:\/\/cloudbyte7.com\/de\/9932ba5d-f02b-4088-aefa-901c56df0a5b\/","og_locale":"de_DE","og_type":"article","og_title":"Jovem Aprendiz CLAMED: Chance de Desenvolvimento, Benef\u00edcios e Crescimento - Cloud Byte 7","og_description":"Vaga de Jovem Aprendiz na CLAMED: \u00f3tima op\u00e7\u00e3o para quem busca o primeiro emprego, com benef\u00edcios, jornada reduzida e forma\u00e7\u00e3o pr\u00e1tica. Saiba mais e candidate-se j\u00e1!","og_url":"https:\/\/cloudbyte7.com\/de\/9932ba5d-f02b-4088-aefa-901c56df0a5b\/","og_site_name":"Cloud Byte 7","article_published_time":"2025-12-09T18:53:00+00:00","article_modified_time":"2025-12-09T18:53:50+00:00","author":"Bruno Gianni","twitter_card":"summary_large_image","twitter_misc":{"Written by":"Bruno Gianni","Est. reading time":"2 Minuten"},"schema":{"@context":"https:\/\/schema.org","@graph":[{"@type":"WebPage","@id":"https:\/\/cloudbyte7.com\/9932ba5d-f02b-4088-aefa-901c56df0a5b\/","url":"https:\/\/cloudbyte7.com\/9932ba5d-f02b-4088-aefa-901c56df0a5b\/","name":"Jovem Aprendiz CLAMED: Chance de Desenvolvimento, Benef\u00edcios e Crescimento - Cloud Byte 7","isPartOf":{"@id":"https:\/\/cloudbyte7.com\/#website"},"datePublished":"2025-12-09T18:53:00+00:00","dateModified":"2025-12-09T18:53:50+00:00","author":{"@id":"https:\/\/cloudbyte7.com\/#\/schema\/person\/d52888235fd6563bd07d97185d6a61e4"},"breadcrumb":{"@id":"https:\/\/cloudbyte7.com\/9932ba5d-f02b-4088-aefa-901c56df0a5b\/#breadcrumb"},"inLanguage":"de-DE","potentialAction":[{"@type":"ReadAction","target":["https:\/\/cloudbyte7.com\/9932ba5d-f02b-4088-aefa-901c56df0a5b\/"]}]},{"@type":"BreadcrumbList","@id":"https:\/\/cloudbyte7.com\/9932ba5d-f02b-4088-aefa-901c56df0a5b\/#breadcrumb","itemListElement":[{"@type":"ListItem","position":1,"name":"Home","item":"https:\/\/cloudbyte7.com\/"},{"@type":"ListItem","position":2,"name":"Jovem Aprendiz CLAMED: Chance de Desenvolvimento, Benef\u00edcios e Crescimento"}]},{"@type":"WebSite","@id":"https:\/\/cloudbyte7.com\/#website","url":"https:\/\/cloudbyte7.com\/","name":"Cloud Byte 7","description":"","potentialAction":[{"@type":"SearchAction","target":{"@type":"EntryPoint","urlTemplate":"https:\/\/cloudbyte7.com\/?s={search_term_string}"},"query-input":"required name=search_term_string"}],"inLanguage":"de-DE"},{"@type":"Person","@id":"https:\/\/cloudbyte7.com\/#\/schema\/person\/d52888235fd6563bd07d97185d6a61e4","name":"Bruno Gianni","image":{"@type":"ImageObject","inLanguage":"de-DE","@id":"https:\/\/cloudbyte7.com\/#\/schema\/person\/image\/","url":"https:\/\/secure.gravatar.com\/avatar\/0f5d42d7bf77874643c1478932860e3f?s=96&d=mm&r=g","contentUrl":"https:\/\/secure.gravatar.com\/avatar\/0f5d42d7bf77874643c1478932860e3f?s=96&d=mm&r=g","caption":"Bruno Gianni"},"description":"Bruno writes the way he lives, with curiosity, care, and respect for people. He likes to observe, listen, and try to understand what is happening on the other side before putting any words on the page.For him, writing is not about impressing, but about getting closer. It is about turning thoughts into something simple, clear, and real. Every text is an ongoing conversation, created with care and honesty, with the sincere intention of touching someone, somewhere along the way.","url":"https:\/\/cloudbyte7.com\/de\/author\/bcgianni\/"}]}},"_links":{"self":[{"href":"https:\/\/cloudbyte7.com\/de\/wp-json\/wp\/v2\/posts\/1847"}],"collection":[{"href":"https:\/\/cloudbyte7.com\/de\/wp-json\/wp\/v2\/posts"}],"about":[{"href":"https:\/\/cloudbyte7.com\/de\/wp-json\/wp\/v2\/types\/post"}],"author":[{"embeddable":true,"href":"https:\/\/cloudbyte7.com\/de\/wp-json\/wp\/v2\/users\/3"}],"replies":[{"embeddable":true,"href":"https:\/\/cloudbyte7.com\/de\/wp-json\/wp\/v2\/comments?post=1847"}],"version-history":[{"count":1,"href":"https:\/\/cloudbyte7.com\/de\/wp-json\/wp\/v2\/posts\/1847\/revisions"}],"predecessor-version":[{"id":1902,"href":"https:\/\/cloudbyte7.com\/de\/wp-json\/wp\/v2\/posts\/1847\/revisions\/1902"}],"wp:attachment":[{"href":"https:\/\/cloudbyte7.com\/de\/wp-json\/wp\/v2\/media?parent=1847"}],"wp:term":[{"taxonomy":"category","embeddable":true,"href":"https:\/\/cloudbyte7.com\/de\/wp-json\/wp\/v2\/categories?post=1847"},{"taxonomy":"post_tag","embeddable":true,"href":"https:\/\/cloudbyte7.com\/de\/wp-json\/wp\/v2\/tags?post=1847"}],"curies":[{"name":"wp","href":"https:\/\/api.w.org\/{rel}","templated":true}]}}