{"id":2123,"date":"2025-12-09T19:13:00","date_gmt":"2025-12-09T19:13:00","guid":{"rendered":"https:\/\/cloudbyte7.com\/97aa7663-214f-46b1-87eb-c353a42bcf93\/"},"modified":"2025-12-09T19:13:57","modified_gmt":"2025-12-09T19:13:57","slug":"97aa7663-214f-46b1-87eb-c353a42bcf93","status":"publish","type":"post","link":"https:\/\/cloudbyte7.com\/de\/97aa7663-214f-46b1-87eb-c353a42bcf93\/","title":{"rendered":"Gerente Comercial e Compras: Vorteile, Verantwortlichkeiten und M\u00f6glichkeiten"},"content":{"rendered":"<div class=\"mx-5 sm:mx-0 prose text-left mb-5\">\n<\/p>\n<div style=\"background: #ffffff; border-radius: 12px; box-shadow: 0 10px 30px rgba(0, 0, 0, 0.1); width: 100%; max-width: 340px; padding: 25px; transition: transform 0.3s ease-in-out; overflow: visible; display: flex; flex-direction: column; position: relative; border: 1px solid #28a745; margin-top: 70px; margin-bottom: 50px; margin-left: auto; margin-right: auto;\">\n<div style=\"position: absolute; top: -35px; right: 15px; color: #28a745; padding: 5px 10px; border-radius: 6px; font-size: 14px; font-weight: bold; display: flex; align-items: center; z-index: 10;\">Recomendado para voc\u00ea<\/div>\n<div data-namespace-header=\"\" style=\"\">\n<h3 data-namespace-title=\"\" style=\"color: #333; font-size: 20px; font-weight: bold; text-align: left; margin-right: 50px; min-height: 50px; margin-top: 0px;\">Gerente Comercial e Compras<\/h3>\n<\/p><\/div>\n<p data-namespace-prompt=\"\" style=\"font-size: 16px; color: #666; margin-bottom: 20px; line-height: 1.5; flex-grow: 1; text-align: left; margin-top: 0px;\">Gest\u00e3o de equipe de compradores, deenvolvimento de fornecedores, benef\u00edcios atrativos e oportunidade of liderar estrat\u00e9gias. Fordern Sie ein komplettes Superior-Paket an.<\/p>\n<p>    <a data-namespace-url=\"\" href=\"https:\/\/cloudbyte7.com\/de\/redirect\/?https:\/\/divulgavagas.com.br\/vaga-de-emprego\/gerente-comercial-e-compras-cachoeirinha-rs-30209739?utm_campaign=google_jobs_apply&#038;utm_source=google_jobs_apply&#038;utm_medium=organic\" style=\"width: 100%; display: inline-block; color: white; text-decoration: none; border-radius: 6px; font-size: 16px; font-weight: bold; text-align: center; transition: transform 0.3s ease, background 0.3s ease; margin-top: auto;\" data-namespace-id=\"5c0d2565-3ba9-4280-a382-ad2a691e2285\"><br \/>\n        <button style=\"width: 100%; height: 55px; background: #e9e9ed; border: 1px solid black; color: black;\">Candidatar-se \u00e0 vaga<\/button><br \/>\n    <\/a><br \/>\n    <small style=\"margin-top: 10px; color: #777; font-size: 12px; text-align: center; display: block;\">Sie wurden zur Outro-Site weitergeleitet<\/small>\n<\/div>\n<p>Es ist eine ideale Gelegenheit f\u00fcr Gesch\u00e4fts- und Gesch\u00e4ftskunden, Profis Erfahrungen in der Gesch\u00e4fts- und Gesch\u00e4ftsbeziehung zu sammeln. Das Gehalt besteht aus einer Kombination, mehr oder einem Paket von Vorteilen und ist ausgezeichnet: medizinischer Plan, zahnmedizinischer Plan, Hilfsverbrennung, Konvektion mit Universit\u00e4ten und Nachtr\u00e4ge, insbesondere in Lokalen und landwirtschaftlichen Betrieben.<\/p>\n<p>Es handelt sich um eine ganzzahlige Ladung, die sechs Stunden lang von 8 bis 18 Uhr und von 8 bis 12 Uhr geladen wird. Es handelt sich um ein Minimum an Anforderungen und ein vollst\u00e4ndiges Vorgesetzten, oder es wird eine mehr qualifizierte Leistung garantiert, um alle Eigenschaften zu \u00fcbernehmen und den Befehl eines strategischen Planers zu \u00fcbernehmen.<\/p>\n<h3>Verantwortlichkeiten und Rotina do Cargo<\/h3>\n<p>Seit jeher ist die Gesch\u00e4fts- und Handelsgesellschaft f\u00fcr die Gesch\u00e4ftsf\u00fchrung eines H\u00e4ndlerteams verantwortlich, jedoch direkt und ohne Beteiligung von Dritten. Zu den Aktivit\u00e4ten geh\u00f6rt auch die Analyse der Indikatoren, die Definition der Vertriebsmetas und die Implementierung der Betriebsabl\u00e4ufe.<\/p>\n<p>Im Rahmen Ihrer Funktionen m\u00fcssen Sie sicherstellen, dass Ihr Ger\u00e4t nicht auf dem Parkplatz abgestellt und der Strom kontrolliert wird. Dar\u00fcber hinaus ist es von grundlegender Bedeutung, dass wir uns auf die Arbeit konzentrieren und M\u00f6glichkeiten zur Steigerung der Produktivit\u00e4t identifizieren.<\/p>\n<p>Wenn Sie die Ergebnisse analysieren und die Vertriebswege begleiten, m\u00fcssen Sie die Strategie so lange anpassen, wie es n\u00f6tig ist. Es ist eine analytische Sicht und Kommunikationsf\u00e4higkeit erforderlich, die sich auf die Zusammenarbeit mit anderen Abteilungen im Rahmen einer effizienten Gesch\u00e4ftst\u00e4tigkeit konzentriert.<\/p>\n<h3>Principais Pontos Positivos<\/h3>\n<p>Unter den gro\u00dfen Unterschieden, die mein Leben mit sich bringt, gibt es viele Vorteile, die den Profis t\u00e4glich Sicherheit und Komfort bieten. Der Park mit den beteiligten Institutionen ist ein Anreiz f\u00fcr die Teilnahme.<\/p>\n<p>Die Umgebung sorgt daf\u00fcr, dass Sie st\u00e4ndig in der Gesch\u00e4ftszone bleiben, die M\u00f6glichkeit einer professionellen Beschleunigung und Sichtbarkeit direkt vor der Gesch\u00e4ftsstelle besteht. Es gibt Raum f\u00fcr Innovation und Autonomie.<\/p>\n<h3>Alguns Pontos a Considerar<\/h3>\n<p>Profitieren Sie davon, dass sich die Fracht intensiv mit der verl\u00e4ngerten Arbeitszeit besch\u00e4ftigt hat, auch in den letzten Jahren. Die Zusammenarbeit zwischen Meta und Ergebnis kann zu Druck, emotionaler Belastbarkeit und strategischer Konsequenz f\u00fchren.<\/p>\n<p>Das vom Bewerber beworbene Profil besteht aus einer vollst\u00e4ndig abgeschlossenen Ausbildung, und die Zugangsbeschr\u00e4nkung f\u00fcr den Fall ist nicht erforderlich. Die vorherige Erfahrung im kommerziellen Bereich ist ein unentbehrlicher Unterschied.<\/p>\n<h3>Veredito<\/h3>\n<p>Die Position von Gerente Comercial e Compras wurde f\u00fcr die Suche nach neuen Zielen im Hinblick auf Zeiten und strategische Prozesse entwickelt. Aufstiegsm\u00f6glichkeiten, robuste Vorteile und die M\u00f6glichkeit, sich als Kandidat f\u00fcr qualifizierte Profis zu qualifizieren.<\/p>\n<div style=\"background: #ffffff; border-radius: 12px; box-shadow: 0 10px 30px rgba(0, 0, 0, 0.1); width: 100%; max-width: 340px; padding: 25px; transition: transform 0.3s ease-in-out; overflow: visible; display: flex; flex-direction: column; position: relative; border: 1px solid #28a745; margin-top: 70px; margin-bottom: 50px; margin-left: auto; margin-right: auto;\">\n<div style=\"position: absolute; top: -35px; right: 15px; color: #28a745; padding: 5px 10px; border-radius: 6px; font-size: 14px; font-weight: bold; display: flex; align-items: center; z-index: 10;\">Recomendado para voc\u00ea<\/div>\n<div data-namespace-header=\"\" style=\"\">\n<h3 data-namespace-title=\"\" style=\"color: #333; font-size: 20px; font-weight: bold; text-align: left; margin-right: 50px; min-height: 50px; margin-top: 0px;\">Gerente Comercial e Compras<\/h3>\n<\/p><\/div>\n<p data-namespace-prompt=\"\" style=\"font-size: 16px; color: #666; margin-bottom: 20px; line-height: 1.5; flex-grow: 1; text-align: left; margin-top: 0px;\">Gest\u00e3o de equipe de compradores, deenvolvimento de fornecedores, benef\u00edcios atrativos e oportunidade of liderar estrat\u00e9gias. Fordern Sie ein komplettes Superior-Paket an.<\/p>\n<p>    <a data-namespace-url=\"\" href=\"https:\/\/cloudbyte7.com\/de\/redirect\/?https:\/\/divulgavagas.com.br\/vaga-de-emprego\/gerente-comercial-e-compras-cachoeirinha-rs-30209739?utm_campaign=google_jobs_apply&#038;utm_source=google_jobs_apply&#038;utm_medium=organic\" style=\"width: 100%; display: inline-block; color: white; text-decoration: none; border-radius: 6px; font-size: 16px; font-weight: bold; text-align: center; transition: transform 0.3s ease, background 0.3s ease; margin-top: auto;\" data-namespace-id=\"5c0d2565-3ba9-4280-a382-ad2a691e2285\"><br \/>\n        <button style=\"width: 100%; height: 55px; background: #e9e9ed; border: 1px solid black; color: black;\">Candidatar-se \u00e0 vaga<\/button><br \/>\n    <\/a><br \/>\n    <small style=\"margin-top: 10px; color: #777; font-size: 12px; text-align: center; display: block;\">Sie wurden zur Outro-Site weitergeleitet<\/small>\n<\/div>\n<\/div>","protected":false},"excerpt":{"rendered":"<p>Informieren Sie sich \u00fcber die Gesch\u00e4fts- und Gesch\u00e4ftsbedingungen von Gerente: Vorteile, Ausstattung, Ausr\u00fcstung und Strategien f\u00fcr Ihre berufliche Weiterentwicklung. Die M\u00f6glichkeit, Ihre Karriere zu gef\u00e4hrden. Confira-Agora.<\/p>","protected":false},"author":3,"featured_media":0,"comment_status":"open","ping_status":"open","sticky":false,"template":"","format":"standard","meta":{"footnotes":""},"categories":[15],"tags":[],"yoast_head":"<!-- This site is optimized with the Yoast SEO plugin v23.3 - https:\/\/yoast.com\/wordpress\/plugins\/seo\/ -->\n<title>Gerente Comercial e Compras: Benef\u00edcios, Responsabilidades e Oportunidades - Cloud Byte 7<\/title>\n<meta name=\"robots\" content=\"index, follow, max-snippet:-1, max-image-preview:large, max-video-preview:-1\" \/>\n<link rel=\"canonical\" href=\"https:\/\/cloudbyte7.com\/de\/97aa7663-214f-46b1-87eb-c353a42bcf93\/\" \/>\n<meta property=\"og:locale\" content=\"de_DE\" \/>\n<meta property=\"og:type\" content=\"article\" \/>\n<meta property=\"og:title\" content=\"Gerente Comercial e Compras: Benef\u00edcios, Responsabilidades e Oportunidades - Cloud Byte 7\" \/>\n<meta property=\"og:description\" content=\"Descubra a vaga de Gerente Comercial e Compras: benef\u00edcios atraentes, gest\u00e3o de equipe e estrat\u00e9gias para seu crescimento profissional. Oportunidade imperd\u00edvel para sua carreira. Confira agora.\" \/>\n<meta property=\"og:url\" content=\"https:\/\/cloudbyte7.com\/de\/97aa7663-214f-46b1-87eb-c353a42bcf93\/\" \/>\n<meta property=\"og:site_name\" content=\"Cloud Byte 7\" \/>\n<meta property=\"article:published_time\" content=\"2025-12-09T19:13:00+00:00\" \/>\n<meta property=\"article:modified_time\" content=\"2025-12-09T19:13:57+00:00\" \/>\n<meta name=\"author\" content=\"Bruno Gianni\" \/>\n<meta name=\"twitter:card\" content=\"summary_large_image\" \/>\n<meta name=\"twitter:label1\" content=\"Written by\" \/>\n\t<meta name=\"twitter:data1\" content=\"Bruno Gianni\" \/>\n\t<meta name=\"twitter:label2\" content=\"Est. reading time\" \/>\n\t<meta name=\"twitter:data2\" content=\"3 Minuten\" \/>\n<script type=\"application\/ld+json\" class=\"yoast-schema-graph\">{\"@context\":\"https:\/\/schema.org\",\"@graph\":[{\"@type\":\"WebPage\",\"@id\":\"https:\/\/cloudbyte7.com\/97aa7663-214f-46b1-87eb-c353a42bcf93\/\",\"url\":\"https:\/\/cloudbyte7.com\/97aa7663-214f-46b1-87eb-c353a42bcf93\/\",\"name\":\"Gerente Comercial e Compras: Benef\u00edcios, Responsabilidades e Oportunidades - Cloud Byte 7\",\"isPartOf\":{\"@id\":\"https:\/\/cloudbyte7.com\/#website\"},\"datePublished\":\"2025-12-09T19:13:00+00:00\",\"dateModified\":\"2025-12-09T19:13:57+00:00\",\"author\":{\"@id\":\"https:\/\/cloudbyte7.com\/#\/schema\/person\/d52888235fd6563bd07d97185d6a61e4\"},\"breadcrumb\":{\"@id\":\"https:\/\/cloudbyte7.com\/97aa7663-214f-46b1-87eb-c353a42bcf93\/#breadcrumb\"},\"inLanguage\":\"de-DE\",\"potentialAction\":[{\"@type\":\"ReadAction\",\"target\":[\"https:\/\/cloudbyte7.com\/97aa7663-214f-46b1-87eb-c353a42bcf93\/\"]}]},{\"@type\":\"BreadcrumbList\",\"@id\":\"https:\/\/cloudbyte7.com\/97aa7663-214f-46b1-87eb-c353a42bcf93\/#breadcrumb\",\"itemListElement\":[{\"@type\":\"ListItem\",\"position\":1,\"name\":\"Home\",\"item\":\"https:\/\/cloudbyte7.com\/\"},{\"@type\":\"ListItem\",\"position\":2,\"name\":\"Gerente Comercial e Compras: Benef\u00edcios, Responsabilidades e Oportunidades\"}]},{\"@type\":\"WebSite\",\"@id\":\"https:\/\/cloudbyte7.com\/#website\",\"url\":\"https:\/\/cloudbyte7.com\/\",\"name\":\"Cloud Byte 7\",\"description\":\"\",\"potentialAction\":[{\"@type\":\"SearchAction\",\"target\":{\"@type\":\"EntryPoint\",\"urlTemplate\":\"https:\/\/cloudbyte7.com\/?s={search_term_string}\"},\"query-input\":\"required name=search_term_string\"}],\"inLanguage\":\"de-DE\"},{\"@type\":\"Person\",\"@id\":\"https:\/\/cloudbyte7.com\/#\/schema\/person\/d52888235fd6563bd07d97185d6a61e4\",\"name\":\"Bruno Gianni\",\"image\":{\"@type\":\"ImageObject\",\"inLanguage\":\"de-DE\",\"@id\":\"https:\/\/cloudbyte7.com\/#\/schema\/person\/image\/\",\"url\":\"https:\/\/secure.gravatar.com\/avatar\/0f5d42d7bf77874643c1478932860e3f?s=96&d=mm&r=g\",\"contentUrl\":\"https:\/\/secure.gravatar.com\/avatar\/0f5d42d7bf77874643c1478932860e3f?s=96&d=mm&r=g\",\"caption\":\"Bruno Gianni\"},\"description\":\"Bruno writes the way he lives, with curiosity, care, and respect for people. He likes to observe, listen, and try to understand what is happening on the other side before putting any words on the page.For him, writing is not about impressing, but about getting closer. It is about turning thoughts into something simple, clear, and real. Every text is an ongoing conversation, created with care and honesty, with the sincere intention of touching someone, somewhere along the way.\",\"url\":\"https:\/\/cloudbyte7.com\/de\/author\/bcgianni\/\"}]}<\/script>\n<!-- \/ Yoast SEO plugin. -->","yoast_head_json":{"title":"Gerente Comercial e Compras: Benef\u00edcios, Responsabilidades e Oportunidades - Cloud Byte 7","robots":{"index":"index","follow":"follow","max-snippet":"max-snippet:-1","max-image-preview":"max-image-preview:large","max-video-preview":"max-video-preview:-1"},"canonical":"https:\/\/cloudbyte7.com\/de\/97aa7663-214f-46b1-87eb-c353a42bcf93\/","og_locale":"de_DE","og_type":"article","og_title":"Gerente Comercial e Compras: Benef\u00edcios, Responsabilidades e Oportunidades - Cloud Byte 7","og_description":"Descubra a vaga de Gerente Comercial e Compras: benef\u00edcios atraentes, gest\u00e3o de equipe e estrat\u00e9gias para seu crescimento profissional. Oportunidade imperd\u00edvel para sua carreira. Confira agora.","og_url":"https:\/\/cloudbyte7.com\/de\/97aa7663-214f-46b1-87eb-c353a42bcf93\/","og_site_name":"Cloud Byte 7","article_published_time":"2025-12-09T19:13:00+00:00","article_modified_time":"2025-12-09T19:13:57+00:00","author":"Bruno Gianni","twitter_card":"summary_large_image","twitter_misc":{"Written by":"Bruno Gianni","Est. reading time":"3 Minuten"},"schema":{"@context":"https:\/\/schema.org","@graph":[{"@type":"WebPage","@id":"https:\/\/cloudbyte7.com\/97aa7663-214f-46b1-87eb-c353a42bcf93\/","url":"https:\/\/cloudbyte7.com\/97aa7663-214f-46b1-87eb-c353a42bcf93\/","name":"Gerente Comercial e Compras: Benef\u00edcios, Responsabilidades e Oportunidades - Cloud Byte 7","isPartOf":{"@id":"https:\/\/cloudbyte7.com\/#website"},"datePublished":"2025-12-09T19:13:00+00:00","dateModified":"2025-12-09T19:13:57+00:00","author":{"@id":"https:\/\/cloudbyte7.com\/#\/schema\/person\/d52888235fd6563bd07d97185d6a61e4"},"breadcrumb":{"@id":"https:\/\/cloudbyte7.com\/97aa7663-214f-46b1-87eb-c353a42bcf93\/#breadcrumb"},"inLanguage":"de-DE","potentialAction":[{"@type":"ReadAction","target":["https:\/\/cloudbyte7.com\/97aa7663-214f-46b1-87eb-c353a42bcf93\/"]}]},{"@type":"BreadcrumbList","@id":"https:\/\/cloudbyte7.com\/97aa7663-214f-46b1-87eb-c353a42bcf93\/#breadcrumb","itemListElement":[{"@type":"ListItem","position":1,"name":"Home","item":"https:\/\/cloudbyte7.com\/"},{"@type":"ListItem","position":2,"name":"Gerente Comercial e Compras: Benef\u00edcios, Responsabilidades e Oportunidades"}]},{"@type":"WebSite","@id":"https:\/\/cloudbyte7.com\/#website","url":"https:\/\/cloudbyte7.com\/","name":"Cloud Byte 7","description":"","potentialAction":[{"@type":"SearchAction","target":{"@type":"EntryPoint","urlTemplate":"https:\/\/cloudbyte7.com\/?s={search_term_string}"},"query-input":"required name=search_term_string"}],"inLanguage":"de-DE"},{"@type":"Person","@id":"https:\/\/cloudbyte7.com\/#\/schema\/person\/d52888235fd6563bd07d97185d6a61e4","name":"Bruno Gianni","image":{"@type":"ImageObject","inLanguage":"de-DE","@id":"https:\/\/cloudbyte7.com\/#\/schema\/person\/image\/","url":"https:\/\/secure.gravatar.com\/avatar\/0f5d42d7bf77874643c1478932860e3f?s=96&d=mm&r=g","contentUrl":"https:\/\/secure.gravatar.com\/avatar\/0f5d42d7bf77874643c1478932860e3f?s=96&d=mm&r=g","caption":"Bruno Gianni"},"description":"Bruno writes the way he lives, with curiosity, care, and respect for people. He likes to observe, listen, and try to understand what is happening on the other side before putting any words on the page.For him, writing is not about impressing, but about getting closer. It is about turning thoughts into something simple, clear, and real. Every text is an ongoing conversation, created with care and honesty, with the sincere intention of touching someone, somewhere along the way.","url":"https:\/\/cloudbyte7.com\/de\/author\/bcgianni\/"}]}},"_links":{"self":[{"href":"https:\/\/cloudbyte7.com\/de\/wp-json\/wp\/v2\/posts\/2123"}],"collection":[{"href":"https:\/\/cloudbyte7.com\/de\/wp-json\/wp\/v2\/posts"}],"about":[{"href":"https:\/\/cloudbyte7.com\/de\/wp-json\/wp\/v2\/types\/post"}],"author":[{"embeddable":true,"href":"https:\/\/cloudbyte7.com\/de\/wp-json\/wp\/v2\/users\/3"}],"replies":[{"embeddable":true,"href":"https:\/\/cloudbyte7.com\/de\/wp-json\/wp\/v2\/comments?post=2123"}],"version-history":[{"count":1,"href":"https:\/\/cloudbyte7.com\/de\/wp-json\/wp\/v2\/posts\/2123\/revisions"}],"predecessor-version":[{"id":2269,"href":"https:\/\/cloudbyte7.com\/de\/wp-json\/wp\/v2\/posts\/2123\/revisions\/2269"}],"wp:attachment":[{"href":"https:\/\/cloudbyte7.com\/de\/wp-json\/wp\/v2\/media?parent=2123"}],"wp:term":[{"taxonomy":"category","embeddable":true,"href":"https:\/\/cloudbyte7.com\/de\/wp-json\/wp\/v2\/categories?post=2123"},{"taxonomy":"post_tag","embeddable":true,"href":"https:\/\/cloudbyte7.com\/de\/wp-json\/wp\/v2\/tags?post=2123"}],"curies":[{"name":"wp","href":"https:\/\/api.w.org\/{rel}","templated":true}]}}