{"id":1824,"date":"2025-12-09T18:52:00","date_gmt":"2025-12-09T18:52:00","guid":{"rendered":"https:\/\/cloudbyte7.com\/1c9db1bb-8982-4394-a201-d6f410ae77d2\/"},"modified":"2025-12-09T18:52:06","modified_gmt":"2025-12-09T18:52:06","slug":"1c9db1bb-8982-4394-a201-d6f410ae77d2","status":"publish","type":"post","link":"https:\/\/cloudbyte7.com\/es\/1c9db1bb-8982-4394-a201-d6f410ae77d2\/","title":{"rendered":"Auxiliar de Armaz\u00e9m: Benef\u00edcios, Jornada CLT, e Oportunidade com Atacad\u00e3o"},"content":{"rendered":"<div class=\"mx-5 sm:mx-0 prose text-left mb-5\">\n<\/p>\n<div style=\"background: #ffffff; border-radius: 12px; box-shadow: 0 10px 30px rgba(0, 0, 0, 0.1); width: 100%; max-width: 340px; padding: 25px; transition: transform 0.3s ease-in-out; overflow: visible; display: flex; flex-direction: column; position: relative; border: 1px solid #28a745; margin-top: 70px; margin-bottom: 50px; margin-left: auto; margin-right: auto;\">\n<div style=\"position: absolute; top: -35px; right: 15px; color: #28a745; padding: 5px 10px; border-radius: 6px; font-size: 14px; font-weight: bold; display: flex; align-items: center; z-index: 10;\">Recomendado para ti<\/div>\n<div data-namespace-header=\"\" style=\"\">\n<h3 data-namespace-title=\"\" style=\"color: #333; font-size: 20px; font-weight: bold; text-align: left; margin-right: 50px; min-height: 50px; margin-top: 0px;\">Auxiliar de Armaz\u00e9m<\/h3>\n<\/p><\/div>\n<p data-namespace-prompt=\"\" style=\"font-size: 16px; color: #666; margin-bottom: 20px; line-height: 1.5; flex-grow: 1; text-align: left; margin-top: 0px;\">Participe do processo seletivo para Auxiliar de Armaz\u00e9m, jornada CLT, benef\u00edcios como seguro sa\u00fade, vale alimenta\u00e7\u00e3o, participa\u00e7\u00e3o nos lucros e oportunidade de crescimento.<\/p>\n<p>    <a data-namespace-url=\"\" href=\"https:\/\/cloudbyte7.com\/es\/redirect\/?https:\/\/www.catho.com.br\/vagas\/auxiliar-de-armazem\/34147397\/?utm_campaign=google_jobs_apply&#038;utm_source=google_jobs_apply&#038;utm_medium=organic\" style=\"width: 100%; display: inline-block; color: white; text-decoration: none; border-radius: 6px; font-size: 16px; font-weight: bold; text-align: center; transition: transform 0.3s ease, background 0.3s ease; margin-top: auto;\" data-namespace-id=\"5c0d2565-3ba9-4280-a382-ad2a691e2285\"><br \/>\n        <button style=\"width: 100%; height: 55px; background: #e9e9ed; border: 1px solid black; color: black;\">Candidatar-se \u00e0 vaga<\/button><br \/>\n    <\/a><br \/>\n    <small style=\"margin-top: 10px; color: #777; font-size: 12px; text-align: center; display: block;\">Voc\u00ea ser\u00e1 redirigido a otro sitio<\/small>\n<\/div>\n<p>O cargo de Auxiliar de Armaz\u00e9m no Atacad\u00e3o \u00e9 uma excelente op\u00e7\u00e3o para quem busca efetiva\u00e7\u00e3o CLT, seguran\u00e7a e m\u00faltiplos benef\u00edcios. O processo de contrata\u00e7\u00e3o exige curr\u00edculo atualizado e laudo m\u00e9dico, dando prioridade \u00e0 qualifica\u00e7\u00e3o e \u00e0 sa\u00fade do candidato.<\/p>\n<p>A vaga oferece diversas vantagens, como assist\u00eancia m\u00e9dica, seguro de vida, t\u00edquete alimenta\u00e7\u00e3o, restaurante, vale-transporte e participa\u00e7\u00e3o nos lucros. Al\u00e9m disso, a escala de trabalho \u00e9 6&#215;1, promovendo folgas alternadas e equil\u00edbrio entre vida pessoal e profissional.<\/p>\n<h2>Como \u00e9 o dia a dia do Auxiliar de Armaz\u00e9m?<\/h2>\n<p>O profissional \u00e9 respons\u00e1vel por carregar e descarregar mercadorias, utilizando a paleteira hidr\u00e1ulica e organizando produtos em pallets. Separa\u00e7\u00e3o, arruma\u00e7\u00e3o e contagem do estoque tamb\u00e9m fazem parte da rotina, garantindo a fluidez dos processos internos. <\/p>\n<p>Al\u00e9m disso, deve manter a limpeza e a organiza\u00e7\u00e3o do setor, colaborando com toda a equipe para manter um ambiente seguro e eficiente. O deslocamento de caminh\u00f5es pode ser necess\u00e1rio, desde que autorizado e capacitado para a fun\u00e7\u00e3o. <\/p>\n<p>No dia a dia, \u00e9 fundamental aten\u00e7\u00e3o aos detalhes e disposi\u00e7\u00e3o para ajudar nas mais diversas tarefas operacionais. Quem busca estabilidade vai encontrar um ambiente din\u00e2mico e valoriza o trabalho em equipe. <\/p>\n<p>Por fim, a rotina \u00e9 variada, proporcionando experi\u00eancia com diferentes etapas da log\u00edstica, o que pode ser um diferencial em futuros processos seletivos. <\/p>\n<h2>Ventajas de la carga<\/h2>\n<p>O principal atrativo da posi\u00e7\u00e3o \u00e9 o pacote de benef\u00edcios completo, incluindo assist\u00eancia m\u00e9dica, seguro de vida e alimenta\u00e7\u00e3o. A participa\u00e7\u00e3o nos lucros motiva ainda mais o colaborador.<\/p>\n<p>Al\u00e9m disso, a contrata\u00e7\u00e3o pelo regime CLT oferece estabilidade e direitos trabalhistas assegurados. A jornada com folga alternada aos domingos traz equil\u00edbrio \u00e0 vida pessoal.<\/p>\n<h2>Desventajas de la carga<\/h2>\n<p>A carga f\u00edsica do trabalho pode ser bastante exigente, especialmente em per\u00edodos de maior movimento ou grandes estoques. A rotina pode se tornar repetitiva ao longo dos meses.<\/p>\n<p>Por ser uma vaga operacional, h\u00e1 menos flexibilidade de hor\u00e1rios e poucas possibilidades de trabalho remoto. <\/p>\n<h2>Veredito final<\/h2>\n<p>O cargo de Auxiliar de Armaz\u00e9m no Atacad\u00e3o representa uma excelente alternativa para quem busca estabilidade, benef\u00edcios e oportunidade de desenvolvimento profissional. Destaque para o pacote de benef\u00edcios robusto e a efetiva\u00e7\u00e3o CLT, embora o trabalho seja predominantemente operacional. A vaga \u00e9 ideal para quem deseja crescer em uma grande empresa do segmento.<\/p>\n<div style=\"background: #ffffff; border-radius: 12px; box-shadow: 0 10px 30px rgba(0, 0, 0, 0.1); width: 100%; max-width: 340px; padding: 25px; transition: transform 0.3s ease-in-out; overflow: visible; display: flex; flex-direction: column; position: relative; border: 1px solid #28a745; margin-top: 70px; margin-bottom: 50px; margin-left: auto; margin-right: auto;\">\n<div style=\"position: absolute; top: -35px; right: 15px; color: #28a745; padding: 5px 10px; border-radius: 6px; font-size: 14px; font-weight: bold; display: flex; align-items: center; z-index: 10;\">Recomendado para ti<\/div>\n<div data-namespace-header=\"\" style=\"\">\n<h3 data-namespace-title=\"\" style=\"color: #333; font-size: 20px; font-weight: bold; text-align: left; margin-right: 50px; min-height: 50px; margin-top: 0px;\">Auxiliar de Armaz\u00e9m<\/h3>\n<\/p><\/div>\n<p data-namespace-prompt=\"\" style=\"font-size: 16px; color: #666; margin-bottom: 20px; line-height: 1.5; flex-grow: 1; text-align: left; margin-top: 0px;\">Participe do processo seletivo para Auxiliar de Armaz\u00e9m, jornada CLT, benef\u00edcios como seguro sa\u00fade, vale alimenta\u00e7\u00e3o, participa\u00e7\u00e3o nos lucros e oportunidade de crescimento.<\/p>\n<p>    <a data-namespace-url=\"\" href=\"https:\/\/cloudbyte7.com\/es\/redirect\/?https:\/\/www.catho.com.br\/vagas\/auxiliar-de-armazem\/34147397\/?utm_campaign=google_jobs_apply&#038;utm_source=google_jobs_apply&#038;utm_medium=organic\" style=\"width: 100%; display: inline-block; color: white; text-decoration: none; border-radius: 6px; font-size: 16px; font-weight: bold; text-align: center; transition: transform 0.3s ease, background 0.3s ease; margin-top: auto;\" data-namespace-id=\"5c0d2565-3ba9-4280-a382-ad2a691e2285\"><br \/>\n        <button style=\"width: 100%; height: 55px; background: #e9e9ed; border: 1px solid black; color: black;\">Candidatar-se \u00e0 vaga<\/button><br \/>\n    <\/a><br \/>\n    <small style=\"margin-top: 10px; color: #777; font-size: 12px; text-align: center; display: block;\">Voc\u00ea ser\u00e1 redirigido a otro sitio<\/small>\n<\/div>\n<\/div>","protected":false},"excerpt":{"rendered":"<p>Confira os detalhes da vaga de Auxiliar de Armaz\u00e9m no Atacad\u00e3o: contrata\u00e7\u00e3o CLT, benef\u00edcios completos, jornada 6&#215;1, assist\u00eancia m\u00e9dica, vale alimenta\u00e7\u00e3o e oportunidades de crescimento.<\/p>","protected":false},"author":3,"featured_media":0,"comment_status":"open","ping_status":"open","sticky":false,"template":"","format":"standard","meta":{"footnotes":""},"categories":[15],"tags":[],"yoast_head":"<!-- This site is optimized with the Yoast SEO plugin v23.3 - https:\/\/yoast.com\/wordpress\/plugins\/seo\/ -->\n<title>Auxiliar de Armaz\u00e9m: Benef\u00edcios, Jornada CLT, e Oportunidade com Atacad\u00e3o - Cloud Byte 7<\/title>\n<meta name=\"robots\" content=\"index, follow, max-snippet:-1, max-image-preview:large, max-video-preview:-1\" \/>\n<link rel=\"canonical\" href=\"https:\/\/cloudbyte7.com\/es\/1c9db1bb-8982-4394-a201-d6f410ae77d2\/\" \/>\n<meta property=\"og:locale\" content=\"es_ES\" \/>\n<meta property=\"og:type\" content=\"article\" \/>\n<meta property=\"og:title\" content=\"Auxiliar de Armaz\u00e9m: Benef\u00edcios, Jornada CLT, e Oportunidade com Atacad\u00e3o - Cloud Byte 7\" \/>\n<meta property=\"og:description\" content=\"Confira os detalhes da vaga de Auxiliar de Armaz\u00e9m no Atacad\u00e3o: contrata\u00e7\u00e3o CLT, benef\u00edcios completos, jornada 6x1, assist\u00eancia m\u00e9dica, vale alimenta\u00e7\u00e3o e oportunidades de crescimento.\" \/>\n<meta property=\"og:url\" content=\"https:\/\/cloudbyte7.com\/es\/1c9db1bb-8982-4394-a201-d6f410ae77d2\/\" \/>\n<meta property=\"og:site_name\" content=\"Cloud Byte 7\" \/>\n<meta property=\"article:published_time\" content=\"2025-12-09T18:52:00+00:00\" \/>\n<meta property=\"article:modified_time\" content=\"2025-12-09T18:52:06+00:00\" \/>\n<meta name=\"author\" content=\"Bruno Gianni\" \/>\n<meta name=\"twitter:card\" content=\"summary_large_image\" \/>\n<meta name=\"twitter:label1\" content=\"Written by\" \/>\n\t<meta name=\"twitter:data1\" content=\"Bruno Gianni\" \/>\n\t<meta name=\"twitter:label2\" content=\"Est. reading time\" \/>\n\t<meta name=\"twitter:data2\" content=\"3 minutos\" \/>\n<script type=\"application\/ld+json\" class=\"yoast-schema-graph\">{\"@context\":\"https:\/\/schema.org\",\"@graph\":[{\"@type\":\"WebPage\",\"@id\":\"https:\/\/cloudbyte7.com\/1c9db1bb-8982-4394-a201-d6f410ae77d2\/\",\"url\":\"https:\/\/cloudbyte7.com\/1c9db1bb-8982-4394-a201-d6f410ae77d2\/\",\"name\":\"Auxiliar de Armaz\u00e9m: Benef\u00edcios, Jornada CLT, e Oportunidade com Atacad\u00e3o - Cloud Byte 7\",\"isPartOf\":{\"@id\":\"https:\/\/cloudbyte7.com\/#website\"},\"datePublished\":\"2025-12-09T18:52:00+00:00\",\"dateModified\":\"2025-12-09T18:52:06+00:00\",\"author\":{\"@id\":\"https:\/\/cloudbyte7.com\/#\/schema\/person\/d52888235fd6563bd07d97185d6a61e4\"},\"breadcrumb\":{\"@id\":\"https:\/\/cloudbyte7.com\/1c9db1bb-8982-4394-a201-d6f410ae77d2\/#breadcrumb\"},\"inLanguage\":\"es\",\"potentialAction\":[{\"@type\":\"ReadAction\",\"target\":[\"https:\/\/cloudbyte7.com\/1c9db1bb-8982-4394-a201-d6f410ae77d2\/\"]}]},{\"@type\":\"BreadcrumbList\",\"@id\":\"https:\/\/cloudbyte7.com\/1c9db1bb-8982-4394-a201-d6f410ae77d2\/#breadcrumb\",\"itemListElement\":[{\"@type\":\"ListItem\",\"position\":1,\"name\":\"Home\",\"item\":\"https:\/\/cloudbyte7.com\/\"},{\"@type\":\"ListItem\",\"position\":2,\"name\":\"Auxiliar de Armaz\u00e9m: Benef\u00edcios, Jornada CLT, e Oportunidade com Atacad\u00e3o\"}]},{\"@type\":\"WebSite\",\"@id\":\"https:\/\/cloudbyte7.com\/#website\",\"url\":\"https:\/\/cloudbyte7.com\/\",\"name\":\"Cloud Byte 7\",\"description\":\"\",\"potentialAction\":[{\"@type\":\"SearchAction\",\"target\":{\"@type\":\"EntryPoint\",\"urlTemplate\":\"https:\/\/cloudbyte7.com\/?s={search_term_string}\"},\"query-input\":\"required name=search_term_string\"}],\"inLanguage\":\"es\"},{\"@type\":\"Person\",\"@id\":\"https:\/\/cloudbyte7.com\/#\/schema\/person\/d52888235fd6563bd07d97185d6a61e4\",\"name\":\"Bruno Gianni\",\"image\":{\"@type\":\"ImageObject\",\"inLanguage\":\"es\",\"@id\":\"https:\/\/cloudbyte7.com\/#\/schema\/person\/image\/\",\"url\":\"https:\/\/secure.gravatar.com\/avatar\/0f5d42d7bf77874643c1478932860e3f?s=96&d=mm&r=g\",\"contentUrl\":\"https:\/\/secure.gravatar.com\/avatar\/0f5d42d7bf77874643c1478932860e3f?s=96&d=mm&r=g\",\"caption\":\"Bruno Gianni\"},\"description\":\"Bruno writes the way he lives, with curiosity, care, and respect for people. He likes to observe, listen, and try to understand what is happening on the other side before putting any words on the page.For him, writing is not about impressing, but about getting closer. It is about turning thoughts into something simple, clear, and real. Every text is an ongoing conversation, created with care and honesty, with the sincere intention of touching someone, somewhere along the way.\",\"url\":\"https:\/\/cloudbyte7.com\/es\/author\/bcgianni\/\"}]}<\/script>\n<!-- \/ Yoast SEO plugin. -->","yoast_head_json":{"title":"Auxiliar de Armaz\u00e9m: Benef\u00edcios, Jornada CLT, e Oportunidade com Atacad\u00e3o - Cloud Byte 7","robots":{"index":"index","follow":"follow","max-snippet":"max-snippet:-1","max-image-preview":"max-image-preview:large","max-video-preview":"max-video-preview:-1"},"canonical":"https:\/\/cloudbyte7.com\/es\/1c9db1bb-8982-4394-a201-d6f410ae77d2\/","og_locale":"es_ES","og_type":"article","og_title":"Auxiliar de Armaz\u00e9m: Benef\u00edcios, Jornada CLT, e Oportunidade com Atacad\u00e3o - Cloud Byte 7","og_description":"Confira os detalhes da vaga de Auxiliar de Armaz\u00e9m no Atacad\u00e3o: contrata\u00e7\u00e3o CLT, benef\u00edcios completos, jornada 6x1, assist\u00eancia m\u00e9dica, vale alimenta\u00e7\u00e3o e oportunidades de crescimento.","og_url":"https:\/\/cloudbyte7.com\/es\/1c9db1bb-8982-4394-a201-d6f410ae77d2\/","og_site_name":"Cloud Byte 7","article_published_time":"2025-12-09T18:52:00+00:00","article_modified_time":"2025-12-09T18:52:06+00:00","author":"Bruno Gianni","twitter_card":"summary_large_image","twitter_misc":{"Written by":"Bruno Gianni","Est. reading time":"3 minutos"},"schema":{"@context":"https:\/\/schema.org","@graph":[{"@type":"WebPage","@id":"https:\/\/cloudbyte7.com\/1c9db1bb-8982-4394-a201-d6f410ae77d2\/","url":"https:\/\/cloudbyte7.com\/1c9db1bb-8982-4394-a201-d6f410ae77d2\/","name":"Auxiliar de Armaz\u00e9m: Benef\u00edcios, Jornada CLT, e Oportunidade com Atacad\u00e3o - Cloud Byte 7","isPartOf":{"@id":"https:\/\/cloudbyte7.com\/#website"},"datePublished":"2025-12-09T18:52:00+00:00","dateModified":"2025-12-09T18:52:06+00:00","author":{"@id":"https:\/\/cloudbyte7.com\/#\/schema\/person\/d52888235fd6563bd07d97185d6a61e4"},"breadcrumb":{"@id":"https:\/\/cloudbyte7.com\/1c9db1bb-8982-4394-a201-d6f410ae77d2\/#breadcrumb"},"inLanguage":"es","potentialAction":[{"@type":"ReadAction","target":["https:\/\/cloudbyte7.com\/1c9db1bb-8982-4394-a201-d6f410ae77d2\/"]}]},{"@type":"BreadcrumbList","@id":"https:\/\/cloudbyte7.com\/1c9db1bb-8982-4394-a201-d6f410ae77d2\/#breadcrumb","itemListElement":[{"@type":"ListItem","position":1,"name":"Home","item":"https:\/\/cloudbyte7.com\/"},{"@type":"ListItem","position":2,"name":"Auxiliar de Armaz\u00e9m: Benef\u00edcios, Jornada CLT, e Oportunidade com Atacad\u00e3o"}]},{"@type":"WebSite","@id":"https:\/\/cloudbyte7.com\/#website","url":"https:\/\/cloudbyte7.com\/","name":"Cloud Byte 7","description":"","potentialAction":[{"@type":"SearchAction","target":{"@type":"EntryPoint","urlTemplate":"https:\/\/cloudbyte7.com\/?s={search_term_string}"},"query-input":"required name=search_term_string"}],"inLanguage":"es"},{"@type":"Person","@id":"https:\/\/cloudbyte7.com\/#\/schema\/person\/d52888235fd6563bd07d97185d6a61e4","name":"Bruno Gianni","image":{"@type":"ImageObject","inLanguage":"es","@id":"https:\/\/cloudbyte7.com\/#\/schema\/person\/image\/","url":"https:\/\/secure.gravatar.com\/avatar\/0f5d42d7bf77874643c1478932860e3f?s=96&d=mm&r=g","contentUrl":"https:\/\/secure.gravatar.com\/avatar\/0f5d42d7bf77874643c1478932860e3f?s=96&d=mm&r=g","caption":"Bruno Gianni"},"description":"Bruno writes the way he lives, with curiosity, care, and respect for people. He likes to observe, listen, and try to understand what is happening on the other side before putting any words on the page.For him, writing is not about impressing, but about getting closer. It is about turning thoughts into something simple, clear, and real. Every text is an ongoing conversation, created with care and honesty, with the sincere intention of touching someone, somewhere along the way.","url":"https:\/\/cloudbyte7.com\/es\/author\/bcgianni\/"}]}},"_links":{"self":[{"href":"https:\/\/cloudbyte7.com\/es\/wp-json\/wp\/v2\/posts\/1824"}],"collection":[{"href":"https:\/\/cloudbyte7.com\/es\/wp-json\/wp\/v2\/posts"}],"about":[{"href":"https:\/\/cloudbyte7.com\/es\/wp-json\/wp\/v2\/types\/post"}],"author":[{"embeddable":true,"href":"https:\/\/cloudbyte7.com\/es\/wp-json\/wp\/v2\/users\/3"}],"replies":[{"embeddable":true,"href":"https:\/\/cloudbyte7.com\/es\/wp-json\/wp\/v2\/comments?post=1824"}],"version-history":[{"count":1,"href":"https:\/\/cloudbyte7.com\/es\/wp-json\/wp\/v2\/posts\/1824\/revisions"}],"predecessor-version":[{"id":1880,"href":"https:\/\/cloudbyte7.com\/es\/wp-json\/wp\/v2\/posts\/1824\/revisions\/1880"}],"wp:attachment":[{"href":"https:\/\/cloudbyte7.com\/es\/wp-json\/wp\/v2\/media?parent=1824"}],"wp:term":[{"taxonomy":"category","embeddable":true,"href":"https:\/\/cloudbyte7.com\/es\/wp-json\/wp\/v2\/categories?post=1824"},{"taxonomy":"post_tag","embeddable":true,"href":"https:\/\/cloudbyte7.com\/es\/wp-json\/wp\/v2\/tags?post=1824"}],"curies":[{"name":"wp","href":"https:\/\/api.w.org\/{rel}","templated":true}]}}