{"id":2235,"date":"2025-12-09T19:17:00","date_gmt":"2025-12-09T19:17:00","guid":{"rendered":"https:\/\/cloudbyte7.com\/a0d97f10-0031-439d-b59e-2288b4c1cdcc\/"},"modified":"2025-12-09T19:17:27","modified_gmt":"2025-12-09T19:17:27","slug":"a0d97f10-0031-439d-b59e-2288b4c1cdcc","status":"publish","type":"post","link":"https:\/\/cloudbyte7.com\/es\/a0d97f10-0031-439d-b59e-2288b4c1cdcc\/","title":{"rendered":"Conferente de Armaz\u00e9m \u2013 Efetivo, Turno B, Benef\u00edcios Atrativos e Ambiente Inclusivo"},"content":{"rendered":"<div class=\"mx-5 sm:mx-0 prose text-left mb-5\">\n<\/p>\n<div style=\"background: #ffffff; border-radius: 12px; box-shadow: 0 10px 30px rgba(0, 0, 0, 0.1); width: 100%; max-width: 340px; padding: 25px; transition: transform 0.3s ease-in-out; overflow: visible; display: flex; flex-direction: column; position: relative; border: 1px solid #28a745; margin-top: 70px; margin-bottom: 50px; margin-left: auto; margin-right: auto;\">\n<div style=\"position: absolute; top: -35px; right: 15px; color: #28a745; padding: 5px 10px; border-radius: 6px; font-size: 14px; font-weight: bold; display: flex; align-items: center; z-index: 10;\">Recomendado para ti<\/div>\n<div data-namespace-header=\"\" style=\"\">\n<h3 data-namespace-title=\"\" style=\"color: #333; font-size: 20px; font-weight: bold; text-align: left; margin-right: 50px; min-height: 50px; margin-top: 0px;\">Conferente de Armaz\u00e9m<\/h3>\n<\/p><\/div>\n<p data-namespace-prompt=\"\" style=\"font-size: 16px; color: #666; margin-bottom: 20px; line-height: 1.5; flex-grow: 1; text-align: left; margin-top: 0px;\">Vaga efetiva para Conferente de Armaz\u00e9m com benef\u00edcios completos, trabalho presencial, ambiente inclusivo e oportunidades de crescimento. Excel b\u00e1sico\/intermedi\u00e1rio desejado.<\/p>\n<p>    <a data-namespace-url=\"\" href=\"https:\/\/cloudbyte7.com\/es\/redirect\/?https:\/\/ambev.gupy.io\/jobs\/10272258?jobBoardSource=gupy_public_page&#038;utm_campaign=google_jobs_apply&#038;utm_source=google_jobs_apply&#038;utm_medium=organic\" style=\"width: 100%; display: inline-block; color: white; text-decoration: none; border-radius: 6px; font-size: 16px; font-weight: bold; text-align: center; transition: transform 0.3s ease, background 0.3s ease; margin-top: auto;\" data-namespace-id=\"5c0d2565-3ba9-4280-a382-ad2a691e2285\"><br \/>\n        <button style=\"width: 100%; height: 55px; background: #e9e9ed; border: 1px solid black; color: black;\">Candidatar-se \u00e0 vaga<\/button><br \/>\n    <\/a><br \/>\n    <small style=\"margin-top: 10px; color: #777; font-size: 12px; text-align: center; display: block;\">Voc\u00ea ser\u00e1 redirigido a otro sitio<\/small>\n<\/div>\n<p>A posi\u00e7\u00e3o de Conferente de Armaz\u00e9m \u2013 Turno B est\u00e1 com inscri\u00e7\u00f5es encerradas, mas vale ficar de olho por ser uma das mais completas em benef\u00edcios e avan\u00e7o profissional. O cargo oferecido \u00e9 efetivo com trabalho presencial, incluindo excelentes benef\u00edcios como plano m\u00e9dico, odontol\u00f3gico, aux\u00edlio creche, desconto em produtos, previd\u00eancia privada e participa\u00e7\u00e3o nos lucros. Requer ensino m\u00e9dio, Excel b\u00e1sico\/intermedi\u00e1rio e disponibilidade de hor\u00e1rio para o segundo turno.<\/p>\n<h2>O que faz um Conferente de Armaz\u00e9m?<\/h2>\n<p>No dia a dia, o profissional confere caminh\u00f5es em retorno das rotas e fecha os mapas operacionais do dia, o que exige aten\u00e7\u00e3o e organiza\u00e7\u00e3o.<\/p>\n<p>\u00c9 respons\u00e1vel tamb\u00e9m pelo comodato nas opera\u00e7\u00f5es log\u00edsticas e pela fun\u00e7\u00e3o VD, garantindo que todos os processos estejam corretamente registrados.<\/p>\n<p>Entre as fun\u00e7\u00f5es, est\u00e1 a libera\u00e7\u00e3o de mapas para o pr\u00f3ximo turno, contribuindo para que a transi\u00e7\u00e3o entre equipes seja eficiente.<\/p>\n<p>A atua\u00e7\u00e3o em seguran\u00e7a \u00e9 fundamental, fazendo rondas regulares nas instala\u00e7\u00f5es para identificar e reportar poss\u00edveis riscos.<\/p>\n<p>Ter boa comunica\u00e7\u00e3o entre turnos e familiaridade com sistemas como WMS s\u00e3o diferenciais importantes, al\u00e9m de facilidade com tecnologias b\u00e1sicas.<\/p>\n<h2>Principais vantagens desta vaga<\/h2>\n<p>Um grande destaque desse cargo \u00e9 o pacote completo de benef\u00edcios, como assist\u00eancia m\u00e9dica, odontol\u00f3gica, telemedicina e previd\u00eancia privada.<\/p>\n<p>Al\u00e9m do sal\u00e1rio, existe possibilidade de receber um 14\u00ba sal\u00e1rio por assiduidade, aumentando sua renda anual.<\/p>\n<p>O ambiente \u00e9 descrito como inclusivo, colaborativo e voltado ao desenvolvimento profissional de todos os colaboradores.<\/p>\n<p>Colaboradores ainda t\u00eam acesso a produtos com desconto e cesta de Natal para a fam\u00edlia, agregando ainda mais valor \u00e0 remunera\u00e7\u00e3o.<\/p>\n<p>Participar de uma empresa que valoriza diversidade e crescimento experi\u00eancia positiva para quem busca estabilidade e futuro brilhante.<\/p>\n<h2>Pontos a considerar<\/h2>\n<p>O trabalho em turnos pode exigir ajustes na rotina di\u00e1ria, especialmente para quem est\u00e1 acostumado ao hor\u00e1rio comercial tradicional.<\/p>\n<p>Exig\u00eancia de dom\u00ednio de Excel intermedi\u00e1rio pode ser desafiador para quem n\u00e3o possui experi\u00eancia ou facilidade com ferramentas digitais.<\/p>\n<h2>Veredito final<\/h2>\n<p>O cargo de Conferente de Armaz\u00e9m oferece excelente estabilidade, benef\u00edcios competitivos e oportunidade de crescimento no setor log\u00edstico.<\/p>\n<p>Quem busca um ambiente acolhedor e oportunidades para desenvolvimento vai encontrar valor nessa posi\u00e7\u00e3o mesmo em futuros processos seletivos.<\/p>\n<div style=\"background: #ffffff; border-radius: 12px; box-shadow: 0 10px 30px rgba(0, 0, 0, 0.1); width: 100%; max-width: 340px; padding: 25px; transition: transform 0.3s ease-in-out; overflow: visible; display: flex; flex-direction: column; position: relative; border: 1px solid #28a745; margin-top: 70px; margin-bottom: 50px; margin-left: auto; margin-right: auto;\">\n<div style=\"position: absolute; top: -35px; right: 15px; color: #28a745; padding: 5px 10px; border-radius: 6px; font-size: 14px; font-weight: bold; display: flex; align-items: center; z-index: 10;\">Recomendado para ti<\/div>\n<div data-namespace-header=\"\" style=\"\">\n<h3 data-namespace-title=\"\" style=\"color: #333; font-size: 20px; font-weight: bold; text-align: left; margin-right: 50px; min-height: 50px; margin-top: 0px;\">Conferente de Armaz\u00e9m<\/h3>\n<\/p><\/div>\n<p data-namespace-prompt=\"\" style=\"font-size: 16px; color: #666; margin-bottom: 20px; line-height: 1.5; flex-grow: 1; text-align: left; margin-top: 0px;\">Vaga efetiva para Conferente de Armaz\u00e9m com benef\u00edcios completos, trabalho presencial, ambiente inclusivo e oportunidades de crescimento. Excel b\u00e1sico\/intermedi\u00e1rio desejado.<\/p>\n<p>    <a data-namespace-url=\"\" href=\"https:\/\/cloudbyte7.com\/es\/redirect\/?https:\/\/ambev.gupy.io\/jobs\/10272258?jobBoardSource=gupy_public_page&#038;utm_campaign=google_jobs_apply&#038;utm_source=google_jobs_apply&#038;utm_medium=organic\" style=\"width: 100%; display: inline-block; color: white; text-decoration: none; border-radius: 6px; font-size: 16px; font-weight: bold; text-align: center; transition: transform 0.3s ease, background 0.3s ease; margin-top: auto;\" data-namespace-id=\"5c0d2565-3ba9-4280-a382-ad2a691e2285\"><br \/>\n        <button style=\"width: 100%; height: 55px; background: #e9e9ed; border: 1px solid black; color: black;\">Candidatar-se \u00e0 vaga<\/button><br \/>\n    <\/a><br \/>\n    <small style=\"margin-top: 10px; color: #777; font-size: 12px; text-align: center; display: block;\">Voc\u00ea ser\u00e1 redirigido a otro sitio<\/small>\n<\/div>\n<\/div>","protected":false},"excerpt":{"rendered":"<p>Confira a vaga de conferente de armaz\u00e9m com benef\u00edcios completos, plano de carreira, ambiente inclusivo e oportunidades reais de crescimento. Veja pr\u00f3s, contras e se vale a pena se candidatar!<\/p>","protected":false},"author":3,"featured_media":0,"comment_status":"open","ping_status":"open","sticky":false,"template":"","format":"standard","meta":{"footnotes":""},"categories":[15],"tags":[],"yoast_head":"<!-- This site is optimized with the Yoast SEO plugin v23.3 - https:\/\/yoast.com\/wordpress\/plugins\/seo\/ -->\n<title>Conferente de Armaz\u00e9m \u2013 Efetivo, Turno B, Benef\u00edcios Atrativos e Ambiente Inclusivo - Cloud Byte 7<\/title>\n<meta name=\"robots\" content=\"index, follow, max-snippet:-1, max-image-preview:large, max-video-preview:-1\" \/>\n<link rel=\"canonical\" href=\"https:\/\/cloudbyte7.com\/es\/a0d97f10-0031-439d-b59e-2288b4c1cdcc\/\" \/>\n<meta property=\"og:locale\" content=\"es_ES\" \/>\n<meta property=\"og:type\" content=\"article\" \/>\n<meta property=\"og:title\" content=\"Conferente de Armaz\u00e9m \u2013 Efetivo, Turno B, Benef\u00edcios Atrativos e Ambiente Inclusivo - Cloud Byte 7\" \/>\n<meta property=\"og:description\" content=\"Confira a vaga de conferente de armaz\u00e9m com benef\u00edcios completos, plano de carreira, ambiente inclusivo e oportunidades reais de crescimento. Veja pr\u00f3s, contras e se vale a pena se candidatar!\" \/>\n<meta property=\"og:url\" content=\"https:\/\/cloudbyte7.com\/es\/a0d97f10-0031-439d-b59e-2288b4c1cdcc\/\" \/>\n<meta property=\"og:site_name\" content=\"Cloud Byte 7\" \/>\n<meta property=\"article:published_time\" content=\"2025-12-09T19:17:00+00:00\" \/>\n<meta property=\"article:modified_time\" content=\"2025-12-09T19:17:27+00:00\" \/>\n<meta name=\"author\" content=\"Bruno Gianni\" \/>\n<meta name=\"twitter:card\" content=\"summary_large_image\" \/>\n<meta name=\"twitter:label1\" content=\"Written by\" \/>\n\t<meta name=\"twitter:data1\" content=\"Bruno Gianni\" \/>\n\t<meta name=\"twitter:label2\" content=\"Est. reading time\" \/>\n\t<meta name=\"twitter:data2\" content=\"2 minutos\" \/>\n<script type=\"application\/ld+json\" class=\"yoast-schema-graph\">{\"@context\":\"https:\/\/schema.org\",\"@graph\":[{\"@type\":\"WebPage\",\"@id\":\"https:\/\/cloudbyte7.com\/a0d97f10-0031-439d-b59e-2288b4c1cdcc\/\",\"url\":\"https:\/\/cloudbyte7.com\/a0d97f10-0031-439d-b59e-2288b4c1cdcc\/\",\"name\":\"Conferente de Armaz\u00e9m \u2013 Efetivo, Turno B, Benef\u00edcios Atrativos e Ambiente Inclusivo - Cloud Byte 7\",\"isPartOf\":{\"@id\":\"https:\/\/cloudbyte7.com\/#website\"},\"datePublished\":\"2025-12-09T19:17:00+00:00\",\"dateModified\":\"2025-12-09T19:17:27+00:00\",\"author\":{\"@id\":\"https:\/\/cloudbyte7.com\/#\/schema\/person\/d52888235fd6563bd07d97185d6a61e4\"},\"breadcrumb\":{\"@id\":\"https:\/\/cloudbyte7.com\/a0d97f10-0031-439d-b59e-2288b4c1cdcc\/#breadcrumb\"},\"inLanguage\":\"es\",\"potentialAction\":[{\"@type\":\"ReadAction\",\"target\":[\"https:\/\/cloudbyte7.com\/a0d97f10-0031-439d-b59e-2288b4c1cdcc\/\"]}]},{\"@type\":\"BreadcrumbList\",\"@id\":\"https:\/\/cloudbyte7.com\/a0d97f10-0031-439d-b59e-2288b4c1cdcc\/#breadcrumb\",\"itemListElement\":[{\"@type\":\"ListItem\",\"position\":1,\"name\":\"Home\",\"item\":\"https:\/\/cloudbyte7.com\/\"},{\"@type\":\"ListItem\",\"position\":2,\"name\":\"Conferente de Armaz\u00e9m \u2013 Efetivo, Turno B, Benef\u00edcios Atrativos e Ambiente Inclusivo\"}]},{\"@type\":\"WebSite\",\"@id\":\"https:\/\/cloudbyte7.com\/#website\",\"url\":\"https:\/\/cloudbyte7.com\/\",\"name\":\"Cloud Byte 7\",\"description\":\"\",\"potentialAction\":[{\"@type\":\"SearchAction\",\"target\":{\"@type\":\"EntryPoint\",\"urlTemplate\":\"https:\/\/cloudbyte7.com\/?s={search_term_string}\"},\"query-input\":\"required name=search_term_string\"}],\"inLanguage\":\"es\"},{\"@type\":\"Person\",\"@id\":\"https:\/\/cloudbyte7.com\/#\/schema\/person\/d52888235fd6563bd07d97185d6a61e4\",\"name\":\"Bruno Gianni\",\"image\":{\"@type\":\"ImageObject\",\"inLanguage\":\"es\",\"@id\":\"https:\/\/cloudbyte7.com\/#\/schema\/person\/image\/\",\"url\":\"https:\/\/secure.gravatar.com\/avatar\/0f5d42d7bf77874643c1478932860e3f?s=96&d=mm&r=g\",\"contentUrl\":\"https:\/\/secure.gravatar.com\/avatar\/0f5d42d7bf77874643c1478932860e3f?s=96&d=mm&r=g\",\"caption\":\"Bruno Gianni\"},\"description\":\"Bruno writes the way he lives, with curiosity, care, and respect for people. He likes to observe, listen, and try to understand what is happening on the other side before putting any words on the page.For him, writing is not about impressing, but about getting closer. It is about turning thoughts into something simple, clear, and real. Every text is an ongoing conversation, created with care and honesty, with the sincere intention of touching someone, somewhere along the way.\",\"url\":\"https:\/\/cloudbyte7.com\/es\/author\/bcgianni\/\"}]}<\/script>\n<!-- \/ Yoast SEO plugin. -->","yoast_head_json":{"title":"Conferente de Armaz\u00e9m \u2013 Efetivo, Turno B, Benef\u00edcios Atrativos e Ambiente Inclusivo - Cloud Byte 7","robots":{"index":"index","follow":"follow","max-snippet":"max-snippet:-1","max-image-preview":"max-image-preview:large","max-video-preview":"max-video-preview:-1"},"canonical":"https:\/\/cloudbyte7.com\/es\/a0d97f10-0031-439d-b59e-2288b4c1cdcc\/","og_locale":"es_ES","og_type":"article","og_title":"Conferente de Armaz\u00e9m \u2013 Efetivo, Turno B, Benef\u00edcios Atrativos e Ambiente Inclusivo - Cloud Byte 7","og_description":"Confira a vaga de conferente de armaz\u00e9m com benef\u00edcios completos, plano de carreira, ambiente inclusivo e oportunidades reais de crescimento. Veja pr\u00f3s, contras e se vale a pena se candidatar!","og_url":"https:\/\/cloudbyte7.com\/es\/a0d97f10-0031-439d-b59e-2288b4c1cdcc\/","og_site_name":"Cloud Byte 7","article_published_time":"2025-12-09T19:17:00+00:00","article_modified_time":"2025-12-09T19:17:27+00:00","author":"Bruno Gianni","twitter_card":"summary_large_image","twitter_misc":{"Written by":"Bruno Gianni","Est. reading time":"2 minutos"},"schema":{"@context":"https:\/\/schema.org","@graph":[{"@type":"WebPage","@id":"https:\/\/cloudbyte7.com\/a0d97f10-0031-439d-b59e-2288b4c1cdcc\/","url":"https:\/\/cloudbyte7.com\/a0d97f10-0031-439d-b59e-2288b4c1cdcc\/","name":"Conferente de Armaz\u00e9m \u2013 Efetivo, Turno B, Benef\u00edcios Atrativos e Ambiente Inclusivo - Cloud Byte 7","isPartOf":{"@id":"https:\/\/cloudbyte7.com\/#website"},"datePublished":"2025-12-09T19:17:00+00:00","dateModified":"2025-12-09T19:17:27+00:00","author":{"@id":"https:\/\/cloudbyte7.com\/#\/schema\/person\/d52888235fd6563bd07d97185d6a61e4"},"breadcrumb":{"@id":"https:\/\/cloudbyte7.com\/a0d97f10-0031-439d-b59e-2288b4c1cdcc\/#breadcrumb"},"inLanguage":"es","potentialAction":[{"@type":"ReadAction","target":["https:\/\/cloudbyte7.com\/a0d97f10-0031-439d-b59e-2288b4c1cdcc\/"]}]},{"@type":"BreadcrumbList","@id":"https:\/\/cloudbyte7.com\/a0d97f10-0031-439d-b59e-2288b4c1cdcc\/#breadcrumb","itemListElement":[{"@type":"ListItem","position":1,"name":"Home","item":"https:\/\/cloudbyte7.com\/"},{"@type":"ListItem","position":2,"name":"Conferente de Armaz\u00e9m \u2013 Efetivo, Turno B, Benef\u00edcios Atrativos e Ambiente Inclusivo"}]},{"@type":"WebSite","@id":"https:\/\/cloudbyte7.com\/#website","url":"https:\/\/cloudbyte7.com\/","name":"Cloud Byte 7","description":"","potentialAction":[{"@type":"SearchAction","target":{"@type":"EntryPoint","urlTemplate":"https:\/\/cloudbyte7.com\/?s={search_term_string}"},"query-input":"required name=search_term_string"}],"inLanguage":"es"},{"@type":"Person","@id":"https:\/\/cloudbyte7.com\/#\/schema\/person\/d52888235fd6563bd07d97185d6a61e4","name":"Bruno Gianni","image":{"@type":"ImageObject","inLanguage":"es","@id":"https:\/\/cloudbyte7.com\/#\/schema\/person\/image\/","url":"https:\/\/secure.gravatar.com\/avatar\/0f5d42d7bf77874643c1478932860e3f?s=96&d=mm&r=g","contentUrl":"https:\/\/secure.gravatar.com\/avatar\/0f5d42d7bf77874643c1478932860e3f?s=96&d=mm&r=g","caption":"Bruno Gianni"},"description":"Bruno writes the way he lives, with curiosity, care, and respect for people. He likes to observe, listen, and try to understand what is happening on the other side before putting any words on the page.For him, writing is not about impressing, but about getting closer. It is about turning thoughts into something simple, clear, and real. Every text is an ongoing conversation, created with care and honesty, with the sincere intention of touching someone, somewhere along the way.","url":"https:\/\/cloudbyte7.com\/es\/author\/bcgianni\/"}]}},"_links":{"self":[{"href":"https:\/\/cloudbyte7.com\/es\/wp-json\/wp\/v2\/posts\/2235"}],"collection":[{"href":"https:\/\/cloudbyte7.com\/es\/wp-json\/wp\/v2\/posts"}],"about":[{"href":"https:\/\/cloudbyte7.com\/es\/wp-json\/wp\/v2\/types\/post"}],"author":[{"embeddable":true,"href":"https:\/\/cloudbyte7.com\/es\/wp-json\/wp\/v2\/users\/3"}],"replies":[{"embeddable":true,"href":"https:\/\/cloudbyte7.com\/es\/wp-json\/wp\/v2\/comments?post=2235"}],"version-history":[{"count":1,"href":"https:\/\/cloudbyte7.com\/es\/wp-json\/wp\/v2\/posts\/2235\/revisions"}],"predecessor-version":[{"id":2304,"href":"https:\/\/cloudbyte7.com\/es\/wp-json\/wp\/v2\/posts\/2235\/revisions\/2304"}],"wp:attachment":[{"href":"https:\/\/cloudbyte7.com\/es\/wp-json\/wp\/v2\/media?parent=2235"}],"wp:term":[{"taxonomy":"category","embeddable":true,"href":"https:\/\/cloudbyte7.com\/es\/wp-json\/wp\/v2\/categories?post=2235"},{"taxonomy":"post_tag","embeddable":true,"href":"https:\/\/cloudbyte7.com\/es\/wp-json\/wp\/v2\/tags?post=2235"}],"curies":[{"name":"wp","href":"https:\/\/api.w.org\/{rel}","templated":true}]}}