{"id":2737,"date":"2025-12-10T10:48:00","date_gmt":"2025-12-10T10:48:00","guid":{"rendered":"https:\/\/cloudbyte7.com\/44c9a04e-f6b3-4f4d-a0c0-ea03bb2fa6de\/"},"modified":"2025-12-10T10:48:16","modified_gmt":"2025-12-10T10:48:16","slug":"44c9a04e-f6b3-4f4d-a0c0-ea03bb2fa6de","status":"publish","type":"post","link":"https:\/\/cloudbyte7.com\/it\/44c9a04e-f6b3-4f4d-a0c0-ea03bb2fa6de\/","title":{"rendered":"Vaga Promotor de Vendas I: Sal\u00e1rio Atrativo, Benef\u00edcios e Oportunidade de Crescimento"},"content":{"rendered":"<div class=\"mx-5 sm:mx-0 prose text-left mb-5\">\n<\/p>\n<div style=\"background: #ffffff; border-radius: 12px; box-shadow: 0 10px 30px rgba(0, 0, 0, 0.1); width: 100%; max-width: 340px; padding: 25px; transition: transform 0.3s ease-in-out; overflow: visible; display: flex; flex-direction: column; position: relative; border: 1px solid #28a745; margin-top: 70px; margin-bottom: 50px; margin-left: auto; margin-right: auto;\">\n<div style=\"position: absolute; top: -35px; right: 15px; color: #28a745; padding: 5px 10px; border-radius: 6px; font-size: 14px; font-weight: bold; display: flex; align-items: center; z-index: 10;\">Recomendado para voc\u00ea<\/div>\n<div data-namespace-header=\"\" style=\"\">\n<h3 data-namespace-title=\"\" style=\"color: #333; font-size: 20px; font-weight: bold; text-align: left; margin-right: 50px; min-height: 50px; margin-top: 0px;\">Promotore di vendite I<\/h3>\n<\/p><\/div>\n<p data-namespace-prompt=\"\" style=\"font-size: 16px; color: #666; margin-bottom: 20px; line-height: 1.5; flex-grow: 1; text-align: left; margin-top: 0px;\">Organize produtos, fa\u00e7a a\u00e7\u00f5es de merchandising e garanta visibilidade! Sal\u00e1rio de R$1.823,02, benef\u00edcios e oportunidade em empresa reconhecida no segmento de alimentos e bebidas.<\/p>\n<p>    <a data-namespace-url=\"\" href=\"https:\/\/cloudbyte7.com\/it\/redirect\/?https:\/\/rhnossa.abler.com.br\/vagas\/promotor-de-vendas-i-662016?utm_campaign=google_jobs_apply&#038;utm_source=google_jobs_apply&#038;utm_medium=organic\" style=\"width: 100%; display: inline-block; color: white; text-decoration: none; border-radius: 6px; font-size: 16px; font-weight: bold; text-align: center; transition: transform 0.3s ease, background 0.3s ease; margin-top: auto;\" data-namespace-id=\"5c0d2565-3ba9-4280-a382-ad2a691e2285\"><br \/>\n        <button style=\"width: 100%; height: 55px; background: #e9e9ed; border: 1px solid black; color: black;\">Candidatar-se \u00e0 vaga<\/button><br \/>\n    <\/a><br \/>\n    <small style=\"margin-top: 10px; color: #777; font-size: 12px; text-align: center; display: block;\">Verrai reindirizzato all&#039;altro sito<\/small>\n<\/div>\n<h2>Resumo da vaga e condi\u00e7\u00f5es<\/h2>\n<p>O cargo de Promotor de Vendas I oferece sal\u00e1rio de R$ 1.823,02, contrato tempor\u00e1rio, benef\u00edcios como vale refei\u00e7\u00e3o, aux\u00edlio transporte, aux\u00edlio combust\u00edvel e plano de sa\u00fade.<\/p>\n<p>\u00c9 exigido ensino m\u00e9dio completo, experi\u00eancia no segmento de alimentos ou bebidas e CNH categoria A. \u00c9 necess\u00e1rio possuir motocicleta pr\u00f3pria para deslocamento.<\/p>\n<p>O hor\u00e1rio de trabalho \u00e9 de segunda a s\u00e1bado, com jornadas bem definidas. N\u00e3o \u00e9 uma oportunidade exclusiva para PCDs.<\/p>\n<p>O cargo \u00e9 ideal para quem busca estabilidade, desenvolvimento e atua\u00e7\u00f5es din\u00e2micas dentro do setor comercial de grandes empresas.<\/p>\n<p>Suas principais miss\u00f5es envolvem a\u00e7\u00f5es de exposi\u00e7\u00e3o de produtos, controle de estoque, relacionamento com lojistas e a\u00e7\u00f5es de merchandising.<\/p>\n<h2>Detalhes das atividades di\u00e1rias<\/h2>\n<p>O profissional atuar\u00e1 organizando produtos para garantir visibilidade e atra\u00e7\u00e3o nos pontos de venda.<\/p>\n<p>Ser\u00e1 respons\u00e1vel pela reposi\u00e7\u00e3o, controle de estoque e retirada de itens pr\u00f3ximos ao vencimento ou danificados.<\/p>\n<p>Manter displays promocionais, realizar ativa\u00e7\u00f5es e documentar visualmente o andamento das atividades est\u00e3o entre as tarefas di\u00e1rias.<\/p>\n<p>Tamb\u00e9m ser\u00e1 necess\u00e1rio negociar espa\u00e7os extras e fortalecer parcerias com lojistas, visando maior destaque das marcas representadas.<\/p>\n<p>Analisar o desempenho dos produtos e observar tend\u00eancias para aperfei\u00e7oar estrat\u00e9gias \u00e9 parte importante do dia a dia nessa fun\u00e7\u00e3o.<\/p>\n<h2>Pontos positivos da vaga<\/h2>\n<p>O valor do sal\u00e1rio \u00e9 competitivo entre cargos de entrada, especialmente considerando os benef\u00edcios oferecidos, como aux\u00edlio combust\u00edvel e refei\u00e7\u00e3o.<\/p>\n<p>Al\u00e9m disso, a empresa \u00e9 reconhecida nacionalmente, garantindo boas refer\u00eancias e potencial de crescimento profissional dentro do setor.<\/p>\n<h2>Pontos de aten\u00e7\u00e3o da vaga<\/h2>\n<p>O trabalho di\u00e1rio exige deslocamento pr\u00f3prio com moto, o que pode ser um desafio para alguns perfis ou para quem n\u00e3o possui ve\u00edculo pr\u00f3prio.<\/p>\n<p>Como o contrato \u00e9 tempor\u00e1rio, pode n\u00e3o ser ideal para quem busca v\u00ednculo efetivo imediato em sua pr\u00f3xima atua\u00e7\u00e3o.<\/p>\n<h2>Veredito finale<\/h2>\n<p>A vaga de Promotor de Vendas I \u00e9 recomendada a quem procura experi\u00eancia s\u00f3lida em uma grande empresa, gosta de desafios di\u00e1rios e deseja benef\u00edcios imediatos.<\/p>\n<p>Com sal\u00e1rio justo, pacote interessante e chances de visibilidade, \u00e9 uma \u00f3tima porta de entrada para o segmento comercial de alimentos e bebidas.<\/p>\n<\/p>\n<\/p>\n<div style=\"background: #ffffff; border-radius: 12px; box-shadow: 0 10px 30px rgba(0, 0, 0, 0.1); width: 100%; max-width: 340px; padding: 25px; transition: transform 0.3s ease-in-out; overflow: visible; display: flex; flex-direction: column; position: relative; border: 1px solid #28a745; margin-top: 70px; margin-bottom: 50px; margin-left: auto; margin-right: auto;\">\n<div style=\"position: absolute; top: -35px; right: 15px; color: #28a745; padding: 5px 10px; border-radius: 6px; font-size: 14px; font-weight: bold; display: flex; align-items: center; z-index: 10;\">Recomendado para voc\u00ea<\/div>\n<div data-namespace-header=\"\" style=\"\">\n<h3 data-namespace-title=\"\" style=\"color: #333; font-size: 20px; font-weight: bold; text-align: left; margin-right: 50px; min-height: 50px; margin-top: 0px;\">Promotore di vendite I<\/h3>\n<\/p><\/div>\n<p data-namespace-prompt=\"\" style=\"font-size: 16px; color: #666; margin-bottom: 20px; line-height: 1.5; flex-grow: 1; text-align: left; margin-top: 0px;\">Organize produtos, fa\u00e7a a\u00e7\u00f5es de merchandising e garanta visibilidade! Sal\u00e1rio de R$1.823,02, benef\u00edcios e oportunidade em empresa reconhecida no segmento de alimentos e bebidas.<\/p>\n<p>    <a data-namespace-url=\"\" href=\"https:\/\/cloudbyte7.com\/it\/redirect\/?https:\/\/rhnossa.abler.com.br\/vagas\/promotor-de-vendas-i-662016?utm_campaign=google_jobs_apply&#038;utm_source=google_jobs_apply&#038;utm_medium=organic\" style=\"width: 100%; display: inline-block; color: white; text-decoration: none; border-radius: 6px; font-size: 16px; font-weight: bold; text-align: center; transition: transform 0.3s ease, background 0.3s ease; margin-top: auto;\" data-namespace-id=\"5c0d2565-3ba9-4280-a382-ad2a691e2285\"><br \/>\n        <button style=\"width: 100%; height: 55px; background: #e9e9ed; border: 1px solid black; color: black;\">Candidatar-se \u00e0 vaga<\/button><br \/>\n    <\/a><br \/>\n    <small style=\"margin-top: 10px; color: #777; font-size: 12px; text-align: center; display: block;\">Verrai reindirizzato all&#039;altro sito<\/small>\n<\/div>\n<\/div>","protected":false},"excerpt":{"rendered":"<p>Descubra tudo sobre a vaga Promotor de Vendas I: sal\u00e1rio, benef\u00edcios, fun\u00e7\u00f5es, requisitos e pr\u00f3s e contras. Avalie se essa oportunidade \u00e9 ideal para sua carreira.<\/p>","protected":false},"author":3,"featured_media":0,"comment_status":"open","ping_status":"open","sticky":false,"template":"","format":"standard","meta":{"footnotes":""},"categories":[15],"tags":[],"yoast_head":"<!-- This site is optimized with the Yoast SEO plugin v23.3 - https:\/\/yoast.com\/wordpress\/plugins\/seo\/ -->\n<title>Vaga Promotor de Vendas I: Sal\u00e1rio Atrativo, Benef\u00edcios e Oportunidade de Crescimento - Cloud Byte 7<\/title>\n<meta name=\"robots\" content=\"index, follow, max-snippet:-1, max-image-preview:large, max-video-preview:-1\" \/>\n<link rel=\"canonical\" href=\"https:\/\/cloudbyte7.com\/it\/44c9a04e-f6b3-4f4d-a0c0-ea03bb2fa6de\/\" \/>\n<meta property=\"og:locale\" content=\"it_IT\" \/>\n<meta property=\"og:type\" content=\"article\" \/>\n<meta property=\"og:title\" content=\"Vaga Promotor de Vendas I: Sal\u00e1rio Atrativo, Benef\u00edcios e Oportunidade de Crescimento - Cloud Byte 7\" \/>\n<meta property=\"og:description\" content=\"Descubra tudo sobre a vaga Promotor de Vendas I: sal\u00e1rio, benef\u00edcios, fun\u00e7\u00f5es, requisitos e pr\u00f3s e contras. Avalie se essa oportunidade \u00e9 ideal para sua carreira.\" \/>\n<meta property=\"og:url\" content=\"https:\/\/cloudbyte7.com\/it\/44c9a04e-f6b3-4f4d-a0c0-ea03bb2fa6de\/\" \/>\n<meta property=\"og:site_name\" content=\"Cloud Byte 7\" \/>\n<meta property=\"article:published_time\" content=\"2025-12-10T10:48:00+00:00\" \/>\n<meta property=\"article:modified_time\" content=\"2025-12-10T10:48:16+00:00\" \/>\n<meta name=\"author\" content=\"Bruno Gianni\" \/>\n<meta name=\"twitter:card\" content=\"summary_large_image\" \/>\n<meta name=\"twitter:label1\" content=\"Written by\" \/>\n\t<meta name=\"twitter:data1\" content=\"Bruno Gianni\" \/>\n\t<meta name=\"twitter:label2\" content=\"Est. reading time\" \/>\n\t<meta name=\"twitter:data2\" content=\"2 minuti\" \/>\n<script type=\"application\/ld+json\" class=\"yoast-schema-graph\">{\"@context\":\"https:\/\/schema.org\",\"@graph\":[{\"@type\":\"WebPage\",\"@id\":\"https:\/\/cloudbyte7.com\/44c9a04e-f6b3-4f4d-a0c0-ea03bb2fa6de\/\",\"url\":\"https:\/\/cloudbyte7.com\/44c9a04e-f6b3-4f4d-a0c0-ea03bb2fa6de\/\",\"name\":\"Vaga Promotor de Vendas I: Sal\u00e1rio Atrativo, Benef\u00edcios e Oportunidade de Crescimento - Cloud Byte 7\",\"isPartOf\":{\"@id\":\"https:\/\/cloudbyte7.com\/#website\"},\"datePublished\":\"2025-12-10T10:48:00+00:00\",\"dateModified\":\"2025-12-10T10:48:16+00:00\",\"author\":{\"@id\":\"https:\/\/cloudbyte7.com\/#\/schema\/person\/d52888235fd6563bd07d97185d6a61e4\"},\"breadcrumb\":{\"@id\":\"https:\/\/cloudbyte7.com\/44c9a04e-f6b3-4f4d-a0c0-ea03bb2fa6de\/#breadcrumb\"},\"inLanguage\":\"it-IT\",\"potentialAction\":[{\"@type\":\"ReadAction\",\"target\":[\"https:\/\/cloudbyte7.com\/44c9a04e-f6b3-4f4d-a0c0-ea03bb2fa6de\/\"]}]},{\"@type\":\"BreadcrumbList\",\"@id\":\"https:\/\/cloudbyte7.com\/44c9a04e-f6b3-4f4d-a0c0-ea03bb2fa6de\/#breadcrumb\",\"itemListElement\":[{\"@type\":\"ListItem\",\"position\":1,\"name\":\"Home\",\"item\":\"https:\/\/cloudbyte7.com\/\"},{\"@type\":\"ListItem\",\"position\":2,\"name\":\"Vaga Promotor de Vendas I: Sal\u00e1rio Atrativo, Benef\u00edcios e Oportunidade de Crescimento\"}]},{\"@type\":\"WebSite\",\"@id\":\"https:\/\/cloudbyte7.com\/#website\",\"url\":\"https:\/\/cloudbyte7.com\/\",\"name\":\"Cloud Byte 7\",\"description\":\"\",\"potentialAction\":[{\"@type\":\"SearchAction\",\"target\":{\"@type\":\"EntryPoint\",\"urlTemplate\":\"https:\/\/cloudbyte7.com\/?s={search_term_string}\"},\"query-input\":\"required name=search_term_string\"}],\"inLanguage\":\"it-IT\"},{\"@type\":\"Person\",\"@id\":\"https:\/\/cloudbyte7.com\/#\/schema\/person\/d52888235fd6563bd07d97185d6a61e4\",\"name\":\"Bruno Gianni\",\"image\":{\"@type\":\"ImageObject\",\"inLanguage\":\"it-IT\",\"@id\":\"https:\/\/cloudbyte7.com\/#\/schema\/person\/image\/\",\"url\":\"https:\/\/secure.gravatar.com\/avatar\/0f5d42d7bf77874643c1478932860e3f?s=96&d=mm&r=g\",\"contentUrl\":\"https:\/\/secure.gravatar.com\/avatar\/0f5d42d7bf77874643c1478932860e3f?s=96&d=mm&r=g\",\"caption\":\"Bruno Gianni\"},\"description\":\"Bruno writes the way he lives, with curiosity, care, and respect for people. He likes to observe, listen, and try to understand what is happening on the other side before putting any words on the page.For him, writing is not about impressing, but about getting closer. It is about turning thoughts into something simple, clear, and real. Every text is an ongoing conversation, created with care and honesty, with the sincere intention of touching someone, somewhere along the way.\",\"url\":\"https:\/\/cloudbyte7.com\/it\/author\/bcgianni\/\"}]}<\/script>\n<!-- \/ Yoast SEO plugin. -->","yoast_head_json":{"title":"Vaga Promotor de Vendas I: Sal\u00e1rio Atrativo, Benef\u00edcios e Oportunidade de Crescimento - Cloud Byte 7","robots":{"index":"index","follow":"follow","max-snippet":"max-snippet:-1","max-image-preview":"max-image-preview:large","max-video-preview":"max-video-preview:-1"},"canonical":"https:\/\/cloudbyte7.com\/it\/44c9a04e-f6b3-4f4d-a0c0-ea03bb2fa6de\/","og_locale":"it_IT","og_type":"article","og_title":"Vaga Promotor de Vendas I: Sal\u00e1rio Atrativo, Benef\u00edcios e Oportunidade de Crescimento - Cloud Byte 7","og_description":"Descubra tudo sobre a vaga Promotor de Vendas I: sal\u00e1rio, benef\u00edcios, fun\u00e7\u00f5es, requisitos e pr\u00f3s e contras. Avalie se essa oportunidade \u00e9 ideal para sua carreira.","og_url":"https:\/\/cloudbyte7.com\/it\/44c9a04e-f6b3-4f4d-a0c0-ea03bb2fa6de\/","og_site_name":"Cloud Byte 7","article_published_time":"2025-12-10T10:48:00+00:00","article_modified_time":"2025-12-10T10:48:16+00:00","author":"Bruno Gianni","twitter_card":"summary_large_image","twitter_misc":{"Written by":"Bruno Gianni","Est. reading time":"2 minuti"},"schema":{"@context":"https:\/\/schema.org","@graph":[{"@type":"WebPage","@id":"https:\/\/cloudbyte7.com\/44c9a04e-f6b3-4f4d-a0c0-ea03bb2fa6de\/","url":"https:\/\/cloudbyte7.com\/44c9a04e-f6b3-4f4d-a0c0-ea03bb2fa6de\/","name":"Vaga Promotor de Vendas I: Sal\u00e1rio Atrativo, Benef\u00edcios e Oportunidade de Crescimento - Cloud Byte 7","isPartOf":{"@id":"https:\/\/cloudbyte7.com\/#website"},"datePublished":"2025-12-10T10:48:00+00:00","dateModified":"2025-12-10T10:48:16+00:00","author":{"@id":"https:\/\/cloudbyte7.com\/#\/schema\/person\/d52888235fd6563bd07d97185d6a61e4"},"breadcrumb":{"@id":"https:\/\/cloudbyte7.com\/44c9a04e-f6b3-4f4d-a0c0-ea03bb2fa6de\/#breadcrumb"},"inLanguage":"it-IT","potentialAction":[{"@type":"ReadAction","target":["https:\/\/cloudbyte7.com\/44c9a04e-f6b3-4f4d-a0c0-ea03bb2fa6de\/"]}]},{"@type":"BreadcrumbList","@id":"https:\/\/cloudbyte7.com\/44c9a04e-f6b3-4f4d-a0c0-ea03bb2fa6de\/#breadcrumb","itemListElement":[{"@type":"ListItem","position":1,"name":"Home","item":"https:\/\/cloudbyte7.com\/"},{"@type":"ListItem","position":2,"name":"Vaga Promotor de Vendas I: Sal\u00e1rio Atrativo, Benef\u00edcios e Oportunidade de Crescimento"}]},{"@type":"WebSite","@id":"https:\/\/cloudbyte7.com\/#website","url":"https:\/\/cloudbyte7.com\/","name":"Cloud Byte 7","description":"","potentialAction":[{"@type":"SearchAction","target":{"@type":"EntryPoint","urlTemplate":"https:\/\/cloudbyte7.com\/?s={search_term_string}"},"query-input":"required name=search_term_string"}],"inLanguage":"it-IT"},{"@type":"Person","@id":"https:\/\/cloudbyte7.com\/#\/schema\/person\/d52888235fd6563bd07d97185d6a61e4","name":"Bruno Gianni","image":{"@type":"ImageObject","inLanguage":"it-IT","@id":"https:\/\/cloudbyte7.com\/#\/schema\/person\/image\/","url":"https:\/\/secure.gravatar.com\/avatar\/0f5d42d7bf77874643c1478932860e3f?s=96&d=mm&r=g","contentUrl":"https:\/\/secure.gravatar.com\/avatar\/0f5d42d7bf77874643c1478932860e3f?s=96&d=mm&r=g","caption":"Bruno Gianni"},"description":"Bruno writes the way he lives, with curiosity, care, and respect for people. He likes to observe, listen, and try to understand what is happening on the other side before putting any words on the page.For him, writing is not about impressing, but about getting closer. It is about turning thoughts into something simple, clear, and real. Every text is an ongoing conversation, created with care and honesty, with the sincere intention of touching someone, somewhere along the way.","url":"https:\/\/cloudbyte7.com\/it\/author\/bcgianni\/"}]}},"_links":{"self":[{"href":"https:\/\/cloudbyte7.com\/it\/wp-json\/wp\/v2\/posts\/2737"}],"collection":[{"href":"https:\/\/cloudbyte7.com\/it\/wp-json\/wp\/v2\/posts"}],"about":[{"href":"https:\/\/cloudbyte7.com\/it\/wp-json\/wp\/v2\/types\/post"}],"author":[{"embeddable":true,"href":"https:\/\/cloudbyte7.com\/it\/wp-json\/wp\/v2\/users\/3"}],"replies":[{"embeddable":true,"href":"https:\/\/cloudbyte7.com\/it\/wp-json\/wp\/v2\/comments?post=2737"}],"version-history":[{"count":1,"href":"https:\/\/cloudbyte7.com\/it\/wp-json\/wp\/v2\/posts\/2737\/revisions"}],"predecessor-version":[{"id":2745,"href":"https:\/\/cloudbyte7.com\/it\/wp-json\/wp\/v2\/posts\/2737\/revisions\/2745"}],"wp:attachment":[{"href":"https:\/\/cloudbyte7.com\/it\/wp-json\/wp\/v2\/media?parent=2737"}],"wp:term":[{"taxonomy":"category","embeddable":true,"href":"https:\/\/cloudbyte7.com\/it\/wp-json\/wp\/v2\/categories?post=2737"},{"taxonomy":"post_tag","embeddable":true,"href":"https:\/\/cloudbyte7.com\/it\/wp-json\/wp\/v2\/tags?post=2737"}],"curies":[{"name":"wp","href":"https:\/\/api.w.org\/{rel}","templated":true}]}}