{"id":3017,"date":"2025-12-10T12:28:00","date_gmt":"2025-12-10T12:28:00","guid":{"rendered":"https:\/\/cloudbyte7.com\/9257ad16-86a6-48a6-9493-a00472f3af4a\/"},"modified":"2025-12-10T12:28:53","modified_gmt":"2025-12-10T12:28:53","slug":"9257ad16-86a6-48a6-9493-a00472f3af4a","status":"publish","type":"post","link":"https:\/\/cloudbyte7.com\/it\/9257ad16-86a6-48a6-9493-a00472f3af4a\/","title":{"rendered":"Auxiliar de Armaz\u00e9m Atacad\u00e3o: Benef\u00edcios, Jornada CLT e Inclus\u00e3o para PcD"},"content":{"rendered":"<div class=\"mx-5 sm:mx-0 prose text-left mb-5\">\n<\/p>\n<div style=\"background: #ffffff; border-radius: 12px; box-shadow: 0 10px 30px rgba(0, 0, 0, 0.1); width: 100%; max-width: 340px; padding: 25px; transition: transform 0.3s ease-in-out; overflow: visible; display: flex; flex-direction: column; position: relative; border: 1px solid #28a745; margin-top: 70px; margin-bottom: 50px; margin-left: auto; margin-right: auto;\">\n<div style=\"position: absolute; top: -35px; right: 15px; color: #28a745; padding: 5px 10px; border-radius: 6px; font-size: 14px; font-weight: bold; display: flex; align-items: center; z-index: 10;\">Recomendado para voc\u00ea<\/div>\n<div data-namespace-header=\"\" style=\"\">\n<h3 data-namespace-title=\"\" style=\"color: #333; font-size: 20px; font-weight: bold; text-align: left; margin-right: 50px; min-height: 50px; margin-top: 0px;\">Auxiliar de Armaz\u00e9m<\/h3>\n<\/p><\/div>\n<p data-namespace-prompt=\"\" style=\"font-size: 16px; color: #666; margin-bottom: 20px; line-height: 1.5; flex-grow: 1; text-align: left; margin-top: 0px;\">Fun\u00e7\u00e3o essencial para organizar, conferir e separar produtos em estoque, com benef\u00edcios, ambiente inclusivo para PcD e v\u00ednculo efetivo CLT.<\/p>\n<p>    <a data-namespace-url=\"\" href=\"https:\/\/cloudbyte7.com\/it\/redirect\/?https:\/\/www.infojobs.com.br\/vaga-de-auxiliar-armazem-atacadao-em-ceara__10263628.aspx?utm_campaign=google_jobs_apply&#038;utm_source=google_jobs_apply&#038;utm_medium=organic\" style=\"width: 100%; display: inline-block; color: white; text-decoration: none; border-radius: 6px; font-size: 16px; font-weight: bold; text-align: center; transition: transform 0.3s ease, background 0.3s ease; margin-top: auto;\" data-namespace-id=\"5c0d2565-3ba9-4280-a382-ad2a691e2285\"><br \/>\n        <button style=\"width: 100%; height: 55px; background: #e9e9ed; border: 1px solid black; color: black;\">Candidatar-se \u00e0 vaga<\/button><br \/>\n    <\/a><br \/>\n    <small style=\"margin-top: 10px; color: #777; font-size: 12px; text-align: center; display: block;\">Verrai reindirizzato all&#039;altro sito<\/small>\n<\/div>\n<p>A vaga de Auxiliar de Armaz\u00e9m no Atacad\u00e3o oferece contrato CLT, jornada integral e sal\u00e1rio a combinar. O emprego \u00e9 destinado tamb\u00e9m a pessoas com defici\u00eancia, com sele\u00e7\u00e3o inclusiva e amig\u00e1vel.<\/p>\n<p>Entre os benef\u00edcios, o colaborador contar\u00e1 com vale transporte, caf\u00e9 da manh\u00e3, assist\u00eancia m\u00e9dica e odontol\u00f3gica, seguro de vida, refeit\u00f3rio local, participa\u00e7\u00e3o nos lucros, cesta de natal e outros extras.<\/p>\n<p>Para se candidatar ao cargo, \u00e9 exigido o ensino fundamental completo e disponibilidade para trabalhar das 14h \u00e0s 22h20, de segunda a s\u00e1bado. N\u00e3o \u00e9 necess\u00e1rio ter experi\u00eancia pr\u00e9via.<\/p>\n<h2>Principais atividades di\u00e1rias<\/h2>\n<p>O Auxiliar de Armaz\u00e9m realiza o recebimento de mercadorias, conferindo e organizando os itens para armazenamento correto no espa\u00e7o dispon\u00edvel.<\/p>\n<p>\u00c9 responsabilidade do profissional controlar a validade dos produtos e separar pedidos para os diversos setores da companhia.<\/p>\n<p>Outra atribui\u00e7\u00e3o importante \u00e9 garantir a otimiza\u00e7\u00e3o do dep\u00f3sito, realizando invent\u00e1rios e mantendo os indicadores conforme exigido pelo setor.<\/p>\n<p>Essas tarefas exigem organiza\u00e7\u00e3o, aten\u00e7\u00e3o e proatividade para que o fluxo de mercadorias ocorra de forma eficiente e segura.<\/p>\n<p>Vale ressaltar que o ambiente \u00e9 pensado para facilitar o desenvolvimento tanto de novos contratados quanto de pessoas com defici\u00eancia.<\/p>\n<h2>Pontos positivos do cargo<\/h2>\n<p>Um destaque \u00e9 o pacote de benef\u00edcios oferecido: al\u00e9m dos habituais, h\u00e1 incentivos sazonais como enxoval de beb\u00ea e cesta de natal.<\/p>\n<p>A pol\u00edtica de inclus\u00e3o fortalece a diversidade no ambiente de trabalho, tornando-o mais acolhedor.<\/p>\n<p>O contrato CLT garante estabilidade, al\u00e9m de direitos e prote\u00e7\u00f5es trabalhistas desde a admiss\u00e3o.<\/p>\n<p>N\u00e3o exigir experi\u00eancia pr\u00e9via facilita o acesso de quem busca o primeiro emprego no setor log\u00edstico.<\/p>\n<p>H\u00e1 possibilidades de integra\u00e7\u00e3o com cooperativa de cr\u00e9dito, ampliando apoio financeiro ao colaborador.<\/p>\n<h2>Pontos negativos do cargo<\/h2>\n<p>A rotina pode ser fisicamente exigente, pois envolve movimenta\u00e7\u00e3o de cargas, organiza\u00e7\u00e3o de estoques e prazos apertados para pedidos.<\/p>\n<p>O hor\u00e1rio fixo pode limitar quem busca flexibilidade ou tem outras obriga\u00e7\u00f5es pessoais.<\/p>\n<p>A demanda di\u00e1ria pode se elevar em \u00e9pocas de alta, exigindo maior ritmo de trabalho e aten\u00e7\u00e3o redobrada.<\/p>\n<p>O sal\u00e1rio n\u00e3o \u00e9 divulgado previamente, o que pode gerar d\u00favidas durante o processo de decis\u00e3o do candidato.<\/p>\n<p>A atua\u00e7\u00e3o \u00e9 totalmente presencial, sem possibilidade de trabalho remoto nesse formato de vaga.<\/p>\n<h2>Veredito finale<\/h2>\n<p>A posi\u00e7\u00e3o de Auxiliar de Armaz\u00e9m no Atacad\u00e3o \u00e9 indicada para quem busca inserir-se no mercado com estabilidade, benef\u00edcios e cultura inclusiva.<\/p>\n<p>Trata-se de uma chance real para candidatos com baixa ou nenhuma experi\u00eancia profissional anterior, valendo especialmente para PcDs em busca de valoriza\u00e7\u00e3o e desenvolvimento.<\/p>\n<p>O pacote de benef\u00edcios e o ambiente acolhedor s\u00e3o grandes atrativos, apesar dos desafios f\u00edsicos inerentes \u00e0 fun\u00e7\u00e3o.<\/p>\n<p>Ideal para quem deseja iniciar ou consolidar carreira na \u00e1rea de log\u00edstica, garantindo prote\u00e7\u00e3o trabalhista e acesso a programas de incentivo e bem-estar.<\/p>\n<p>Se voc\u00ea busca oportunidade formal, din\u00e2mica e segura, com benef\u00edcios reais, vale a pena considerar essa vaga para sua trajet\u00f3ria profissional.<\/p>\n<div style=\"background: #ffffff; border-radius: 12px; box-shadow: 0 10px 30px rgba(0, 0, 0, 0.1); width: 100%; max-width: 340px; padding: 25px; transition: transform 0.3s ease-in-out; overflow: visible; display: flex; flex-direction: column; position: relative; border: 1px solid #28a745; margin-top: 70px; margin-bottom: 50px; margin-left: auto; margin-right: auto;\">\n<div style=\"position: absolute; top: -35px; right: 15px; color: #28a745; padding: 5px 10px; border-radius: 6px; font-size: 14px; font-weight: bold; display: flex; align-items: center; z-index: 10;\">Recomendado para voc\u00ea<\/div>\n<div data-namespace-header=\"\" style=\"\">\n<h3 data-namespace-title=\"\" style=\"color: #333; font-size: 20px; font-weight: bold; text-align: left; margin-right: 50px; min-height: 50px; margin-top: 0px;\">Auxiliar de Armaz\u00e9m<\/h3>\n<\/p><\/div>\n<p data-namespace-prompt=\"\" style=\"font-size: 16px; color: #666; margin-bottom: 20px; line-height: 1.5; flex-grow: 1; text-align: left; margin-top: 0px;\">Fun\u00e7\u00e3o essencial para organizar, conferir e separar produtos em estoque, com benef\u00edcios, ambiente inclusivo para PcD e v\u00ednculo efetivo CLT.<\/p>\n<p>    <a data-namespace-url=\"\" href=\"https:\/\/cloudbyte7.com\/it\/redirect\/?https:\/\/www.infojobs.com.br\/vaga-de-auxiliar-armazem-atacadao-em-ceara__10263628.aspx?utm_campaign=google_jobs_apply&#038;utm_source=google_jobs_apply&#038;utm_medium=organic\" style=\"width: 100%; display: inline-block; color: white; text-decoration: none; border-radius: 6px; font-size: 16px; font-weight: bold; text-align: center; transition: transform 0.3s ease, background 0.3s ease; margin-top: auto;\" data-namespace-id=\"5c0d2565-3ba9-4280-a382-ad2a691e2285\"><br \/>\n        <button style=\"width: 100%; height: 55px; background: #e9e9ed; border: 1px solid black; color: black;\">Candidatar-se \u00e0 vaga<\/button><br \/>\n    <\/a><br \/>\n    <small style=\"margin-top: 10px; color: #777; font-size: 12px; text-align: center; display: block;\">Verrai reindirizzato all&#039;altro sito<\/small>\n<\/div>\n<\/div>","protected":false},"excerpt":{"rendered":"<p>Auxiliar de Armaz\u00e9m Atacad\u00e3o: conhe\u00e7a os benef\u00edcios e o ambiente inclusivo, ideal para quem busca CLT e estabilidade. Descubra pr\u00f3s, contras e como se candidatar<\/p>","protected":false},"author":3,"featured_media":0,"comment_status":"open","ping_status":"open","sticky":false,"template":"","format":"standard","meta":{"footnotes":""},"categories":[15],"tags":[],"yoast_head":"<!-- This site is optimized with the Yoast SEO plugin v23.3 - https:\/\/yoast.com\/wordpress\/plugins\/seo\/ -->\n<title>Auxiliar de Armaz\u00e9m Atacad\u00e3o: Benef\u00edcios, Jornada CLT e Inclus\u00e3o para PcD - Cloud Byte 7<\/title>\n<meta name=\"robots\" content=\"index, follow, max-snippet:-1, max-image-preview:large, max-video-preview:-1\" \/>\n<link rel=\"canonical\" href=\"https:\/\/cloudbyte7.com\/it\/9257ad16-86a6-48a6-9493-a00472f3af4a\/\" \/>\n<meta property=\"og:locale\" content=\"it_IT\" \/>\n<meta property=\"og:type\" content=\"article\" \/>\n<meta property=\"og:title\" content=\"Auxiliar de Armaz\u00e9m Atacad\u00e3o: Benef\u00edcios, Jornada CLT e Inclus\u00e3o para PcD - Cloud Byte 7\" \/>\n<meta property=\"og:description\" content=\"Auxiliar de Armaz\u00e9m Atacad\u00e3o: conhe\u00e7a os benef\u00edcios e o ambiente inclusivo, ideal para quem busca CLT e estabilidade. Descubra pr\u00f3s, contras e como se candidatar\" \/>\n<meta property=\"og:url\" content=\"https:\/\/cloudbyte7.com\/it\/9257ad16-86a6-48a6-9493-a00472f3af4a\/\" \/>\n<meta property=\"og:site_name\" content=\"Cloud Byte 7\" \/>\n<meta property=\"article:published_time\" content=\"2025-12-10T12:28:00+00:00\" \/>\n<meta property=\"article:modified_time\" content=\"2025-12-10T12:28:53+00:00\" \/>\n<meta name=\"author\" content=\"Bruno Gianni\" \/>\n<meta name=\"twitter:card\" content=\"summary_large_image\" \/>\n<meta name=\"twitter:label1\" content=\"Written by\" \/>\n\t<meta name=\"twitter:data1\" content=\"Bruno Gianni\" \/>\n\t<meta name=\"twitter:label2\" content=\"Est. reading time\" \/>\n\t<meta name=\"twitter:data2\" content=\"3 minuti\" \/>\n<script type=\"application\/ld+json\" class=\"yoast-schema-graph\">{\"@context\":\"https:\/\/schema.org\",\"@graph\":[{\"@type\":\"WebPage\",\"@id\":\"https:\/\/cloudbyte7.com\/9257ad16-86a6-48a6-9493-a00472f3af4a\/\",\"url\":\"https:\/\/cloudbyte7.com\/9257ad16-86a6-48a6-9493-a00472f3af4a\/\",\"name\":\"Auxiliar de Armaz\u00e9m Atacad\u00e3o: Benef\u00edcios, Jornada CLT e Inclus\u00e3o para PcD - Cloud Byte 7\",\"isPartOf\":{\"@id\":\"https:\/\/cloudbyte7.com\/#website\"},\"datePublished\":\"2025-12-10T12:28:00+00:00\",\"dateModified\":\"2025-12-10T12:28:53+00:00\",\"author\":{\"@id\":\"https:\/\/cloudbyte7.com\/#\/schema\/person\/d52888235fd6563bd07d97185d6a61e4\"},\"breadcrumb\":{\"@id\":\"https:\/\/cloudbyte7.com\/9257ad16-86a6-48a6-9493-a00472f3af4a\/#breadcrumb\"},\"inLanguage\":\"it-IT\",\"potentialAction\":[{\"@type\":\"ReadAction\",\"target\":[\"https:\/\/cloudbyte7.com\/9257ad16-86a6-48a6-9493-a00472f3af4a\/\"]}]},{\"@type\":\"BreadcrumbList\",\"@id\":\"https:\/\/cloudbyte7.com\/9257ad16-86a6-48a6-9493-a00472f3af4a\/#breadcrumb\",\"itemListElement\":[{\"@type\":\"ListItem\",\"position\":1,\"name\":\"Home\",\"item\":\"https:\/\/cloudbyte7.com\/\"},{\"@type\":\"ListItem\",\"position\":2,\"name\":\"Auxiliar de Armaz\u00e9m Atacad\u00e3o: Benef\u00edcios, Jornada CLT e Inclus\u00e3o para PcD\"}]},{\"@type\":\"WebSite\",\"@id\":\"https:\/\/cloudbyte7.com\/#website\",\"url\":\"https:\/\/cloudbyte7.com\/\",\"name\":\"Cloud Byte 7\",\"description\":\"\",\"potentialAction\":[{\"@type\":\"SearchAction\",\"target\":{\"@type\":\"EntryPoint\",\"urlTemplate\":\"https:\/\/cloudbyte7.com\/?s={search_term_string}\"},\"query-input\":\"required name=search_term_string\"}],\"inLanguage\":\"it-IT\"},{\"@type\":\"Person\",\"@id\":\"https:\/\/cloudbyte7.com\/#\/schema\/person\/d52888235fd6563bd07d97185d6a61e4\",\"name\":\"Bruno Gianni\",\"image\":{\"@type\":\"ImageObject\",\"inLanguage\":\"it-IT\",\"@id\":\"https:\/\/cloudbyte7.com\/#\/schema\/person\/image\/\",\"url\":\"https:\/\/secure.gravatar.com\/avatar\/0f5d42d7bf77874643c1478932860e3f?s=96&d=mm&r=g\",\"contentUrl\":\"https:\/\/secure.gravatar.com\/avatar\/0f5d42d7bf77874643c1478932860e3f?s=96&d=mm&r=g\",\"caption\":\"Bruno Gianni\"},\"description\":\"Bruno writes the way he lives, with curiosity, care, and respect for people. He likes to observe, listen, and try to understand what is happening on the other side before putting any words on the page.For him, writing is not about impressing, but about getting closer. It is about turning thoughts into something simple, clear, and real. Every text is an ongoing conversation, created with care and honesty, with the sincere intention of touching someone, somewhere along the way.\",\"url\":\"https:\/\/cloudbyte7.com\/it\/author\/bcgianni\/\"}]}<\/script>\n<!-- \/ Yoast SEO plugin. -->","yoast_head_json":{"title":"Auxiliar de Armaz\u00e9m Atacad\u00e3o: Benef\u00edcios, Jornada CLT e Inclus\u00e3o para PcD - Cloud Byte 7","robots":{"index":"index","follow":"follow","max-snippet":"max-snippet:-1","max-image-preview":"max-image-preview:large","max-video-preview":"max-video-preview:-1"},"canonical":"https:\/\/cloudbyte7.com\/it\/9257ad16-86a6-48a6-9493-a00472f3af4a\/","og_locale":"it_IT","og_type":"article","og_title":"Auxiliar de Armaz\u00e9m Atacad\u00e3o: Benef\u00edcios, Jornada CLT e Inclus\u00e3o para PcD - Cloud Byte 7","og_description":"Auxiliar de Armaz\u00e9m Atacad\u00e3o: conhe\u00e7a os benef\u00edcios e o ambiente inclusivo, ideal para quem busca CLT e estabilidade. Descubra pr\u00f3s, contras e como se candidatar","og_url":"https:\/\/cloudbyte7.com\/it\/9257ad16-86a6-48a6-9493-a00472f3af4a\/","og_site_name":"Cloud Byte 7","article_published_time":"2025-12-10T12:28:00+00:00","article_modified_time":"2025-12-10T12:28:53+00:00","author":"Bruno Gianni","twitter_card":"summary_large_image","twitter_misc":{"Written by":"Bruno Gianni","Est. reading time":"3 minuti"},"schema":{"@context":"https:\/\/schema.org","@graph":[{"@type":"WebPage","@id":"https:\/\/cloudbyte7.com\/9257ad16-86a6-48a6-9493-a00472f3af4a\/","url":"https:\/\/cloudbyte7.com\/9257ad16-86a6-48a6-9493-a00472f3af4a\/","name":"Auxiliar de Armaz\u00e9m Atacad\u00e3o: Benef\u00edcios, Jornada CLT e Inclus\u00e3o para PcD - Cloud Byte 7","isPartOf":{"@id":"https:\/\/cloudbyte7.com\/#website"},"datePublished":"2025-12-10T12:28:00+00:00","dateModified":"2025-12-10T12:28:53+00:00","author":{"@id":"https:\/\/cloudbyte7.com\/#\/schema\/person\/d52888235fd6563bd07d97185d6a61e4"},"breadcrumb":{"@id":"https:\/\/cloudbyte7.com\/9257ad16-86a6-48a6-9493-a00472f3af4a\/#breadcrumb"},"inLanguage":"it-IT","potentialAction":[{"@type":"ReadAction","target":["https:\/\/cloudbyte7.com\/9257ad16-86a6-48a6-9493-a00472f3af4a\/"]}]},{"@type":"BreadcrumbList","@id":"https:\/\/cloudbyte7.com\/9257ad16-86a6-48a6-9493-a00472f3af4a\/#breadcrumb","itemListElement":[{"@type":"ListItem","position":1,"name":"Home","item":"https:\/\/cloudbyte7.com\/"},{"@type":"ListItem","position":2,"name":"Auxiliar de Armaz\u00e9m Atacad\u00e3o: Benef\u00edcios, Jornada CLT e Inclus\u00e3o para PcD"}]},{"@type":"WebSite","@id":"https:\/\/cloudbyte7.com\/#website","url":"https:\/\/cloudbyte7.com\/","name":"Cloud Byte 7","description":"","potentialAction":[{"@type":"SearchAction","target":{"@type":"EntryPoint","urlTemplate":"https:\/\/cloudbyte7.com\/?s={search_term_string}"},"query-input":"required name=search_term_string"}],"inLanguage":"it-IT"},{"@type":"Person","@id":"https:\/\/cloudbyte7.com\/#\/schema\/person\/d52888235fd6563bd07d97185d6a61e4","name":"Bruno Gianni","image":{"@type":"ImageObject","inLanguage":"it-IT","@id":"https:\/\/cloudbyte7.com\/#\/schema\/person\/image\/","url":"https:\/\/secure.gravatar.com\/avatar\/0f5d42d7bf77874643c1478932860e3f?s=96&d=mm&r=g","contentUrl":"https:\/\/secure.gravatar.com\/avatar\/0f5d42d7bf77874643c1478932860e3f?s=96&d=mm&r=g","caption":"Bruno Gianni"},"description":"Bruno writes the way he lives, with curiosity, care, and respect for people. He likes to observe, listen, and try to understand what is happening on the other side before putting any words on the page.For him, writing is not about impressing, but about getting closer. It is about turning thoughts into something simple, clear, and real. Every text is an ongoing conversation, created with care and honesty, with the sincere intention of touching someone, somewhere along the way.","url":"https:\/\/cloudbyte7.com\/it\/author\/bcgianni\/"}]}},"_links":{"self":[{"href":"https:\/\/cloudbyte7.com\/it\/wp-json\/wp\/v2\/posts\/3017"}],"collection":[{"href":"https:\/\/cloudbyte7.com\/it\/wp-json\/wp\/v2\/posts"}],"about":[{"href":"https:\/\/cloudbyte7.com\/it\/wp-json\/wp\/v2\/types\/post"}],"author":[{"embeddable":true,"href":"https:\/\/cloudbyte7.com\/it\/wp-json\/wp\/v2\/users\/3"}],"replies":[{"embeddable":true,"href":"https:\/\/cloudbyte7.com\/it\/wp-json\/wp\/v2\/comments?post=3017"}],"version-history":[{"count":1,"href":"https:\/\/cloudbyte7.com\/it\/wp-json\/wp\/v2\/posts\/3017\/revisions"}],"predecessor-version":[{"id":3025,"href":"https:\/\/cloudbyte7.com\/it\/wp-json\/wp\/v2\/posts\/3017\/revisions\/3025"}],"wp:attachment":[{"href":"https:\/\/cloudbyte7.com\/it\/wp-json\/wp\/v2\/media?parent=3017"}],"wp:term":[{"taxonomy":"category","embeddable":true,"href":"https:\/\/cloudbyte7.com\/it\/wp-json\/wp\/v2\/categories?post=3017"},{"taxonomy":"post_tag","embeddable":true,"href":"https:\/\/cloudbyte7.com\/it\/wp-json\/wp\/v2\/tags?post=3017"}],"curies":[{"name":"wp","href":"https:\/\/api.w.org\/{rel}","templated":true}]}}