{"id":3073,"date":"2025-12-10T12:47:00","date_gmt":"2025-12-10T12:47:00","guid":{"rendered":"https:\/\/cloudbyte7.com\/e88b2f3d-6ddc-4960-89a7-af2ae7a59096\/"},"modified":"2025-12-10T12:47:03","modified_gmt":"2025-12-10T12:47:03","slug":"e88b2f3d-6ddc-4960-89a7-af2ae7a59096","status":"publish","type":"post","link":"https:\/\/cloudbyte7.com\/it\/e88b2f3d-6ddc-4960-89a7-af2ae7a59096\/","title":{"rendered":"Administrativo: Vaga Full Time com Requisitos Claros e Benef\u00edcios a Combinar"},"content":{"rendered":"<div class=\"mx-5 sm:mx-0 prose text-left mb-5\">\n<\/p>\n<div style=\"background: #ffffff; border-radius: 12px; box-shadow: 0 10px 30px rgba(0, 0, 0, 0.1); width: 100%; max-width: 340px; padding: 25px; transition: transform 0.3s ease-in-out; overflow: visible; display: flex; flex-direction: column; position: relative; border: 1px solid #28a745; margin-top: 70px; margin-bottom: 50px; margin-left: auto; margin-right: auto;\">\n<div style=\"position: absolute; top: -35px; right: 15px; color: #28a745; padding: 5px 10px; border-radius: 6px; font-size: 14px; font-weight: bold; display: flex; align-items: center; z-index: 10;\">Recomendado para voc\u00ea<\/div>\n<div data-namespace-header=\"\" style=\"\">\n<h3 data-namespace-title=\"\" style=\"color: #333; font-size: 20px; font-weight: bold; text-align: left; margin-right: 50px; min-height: 50px; margin-top: 0px;\">Administrativo<\/h3>\n<\/p><\/div>\n<p data-namespace-prompt=\"\" style=\"font-size: 16px; color: #666; margin-bottom: 20px; line-height: 1.5; flex-grow: 1; text-align: left; margin-top: 0px;\">Atua\u00e7\u00e3o em atividades administrativas, necess\u00e1rio ensino m\u00e9dio completo e experi\u00eancia comprovada. Benef\u00edcios e jornada a combinar, ambiente est\u00e1vel para crescimento.<\/p>\n<p>    <a data-namespace-url=\"\" href=\"https:\/\/cloudbyte7.com\/it\/redirect\/?https:\/\/br.jobrapido.com\/jobpreview\/6950102594337374208?utm_campaign=google_jobs_apply&#038;utm_source=google_jobs_apply&#038;utm_medium=organic\" style=\"width: 100%; display: inline-block; color: white; text-decoration: none; border-radius: 6px; font-size: 16px; font-weight: bold; text-align: center; transition: transform 0.3s ease, background 0.3s ease; margin-top: auto;\" data-namespace-id=\"5c0d2565-3ba9-4280-a382-ad2a691e2285\"><br \/>\n        <button style=\"width: 100%; height: 55px; background: #e9e9ed; border: 1px solid black; color: black;\">Candidatar-se \u00e0 vaga<\/button><br \/>\n    <\/a><br \/>\n    <small style=\"margin-top: 10px; color: #777; font-size: 12px; text-align: center; display: block;\">Verrai reindirizzato all&#039;altro sito<\/small>\n<\/div>\n<p>Introdu\u00e7\u00e3o \u00e0 oportunidade<\/p>\n<p>Esta vaga para \u00e1rea Administrativa destaca-se como uma excelente escolha para quem busca estabilidade, crescimento profissional e desenvolvimento em um ambiente formal. Com jornada de trabalho e benef\u00edcios negoci\u00e1veis, pode ser ajustada conforme sua disponibilidade. O contrato \u00e9 full time, ideal para quem busca dedica\u00e7\u00e3o integral e valoriza\u00e7\u00e3o de experi\u00eancias pr\u00e9vias. Exige, no m\u00ednimo, ensino m\u00e9dio completo e experi\u00eancia comprovada em rotinas administrativas.<\/p>\n<p>Responsabilidades di\u00e1rias e atribui\u00e7\u00f5es<\/p>\n<p>No cargo administrativo, espera-se atua\u00e7\u00e3o rotina em atividades como gest\u00e3o de documentos, atendimento telef\u00f4nico e suporte a outros setores. O profissional ir\u00e1 se responsabilizar por organizar agendas, redigir relat\u00f3rios, realizar controle de correspond\u00eancias e auxiliar na execu\u00e7\u00e3o de processos internos da empresa. H\u00e1 envolvimento constante com registros, planilhas e fluxos operacionais, sendo fundamental aten\u00e7\u00e3o a prazos e boa comunica\u00e7\u00e3o.<\/p>\n<p>Principais vantagens do cargo<\/p>\n<p>A fun\u00e7\u00e3o administrativa oferece estabilidade contratual, j\u00e1 que a vaga \u00e9 full time e oferece possibilidade de integra\u00e7\u00e3o futura em setores estrat\u00e9gicos. Para quem tem experi\u00eancia na \u00e1rea, h\u00e1 valoriza\u00e7\u00e3o do conhecimento pr\u00e9vio, o que favorece planos de carreira s\u00f3lidos e possibilidade de crescimento.<\/p>\n<p>Pontos de aten\u00e7\u00e3o<\/p>\n<p>Por se tratar de rotina administrativa, demanda-se alto n\u00edvel de organiza\u00e7\u00e3o e toler\u00e2ncia a tarefas repetitivas, o que pode ser desafiador para alguns perfis. Al\u00e9m disso, a necessidade de vasto conhecimento pr\u00e9vio pode restringir oportunidades para iniciantes.<\/p>\n<p>Veredito finale<\/p>\n<p>Se voc\u00ea busca uma carreira s\u00f3lida e ambiente de desenvolvimento, esta vaga administrativa cumpre os requisitos b\u00e1sicos, oferecendo flexibilidade e valoriza\u00e7\u00e3o profissional. Analise se sua experi\u00eancia atende \u00e0s demandas e selecione a vaga como pr\u00f3ximo passo de sua trajet\u00f3ria.<\/p>\n<div style=\"background: #ffffff; border-radius: 12px; box-shadow: 0 10px 30px rgba(0, 0, 0, 0.1); width: 100%; max-width: 340px; padding: 25px; transition: transform 0.3s ease-in-out; overflow: visible; display: flex; flex-direction: column; position: relative; border: 1px solid #28a745; margin-top: 70px; margin-bottom: 50px; margin-left: auto; margin-right: auto;\">\n<div style=\"position: absolute; top: -35px; right: 15px; color: #28a745; padding: 5px 10px; border-radius: 6px; font-size: 14px; font-weight: bold; display: flex; align-items: center; z-index: 10;\">Recomendado para voc\u00ea<\/div>\n<div data-namespace-header=\"\" style=\"\">\n<h3 data-namespace-title=\"\" style=\"color: #333; font-size: 20px; font-weight: bold; text-align: left; margin-right: 50px; min-height: 50px; margin-top: 0px;\">Administrativo<\/h3>\n<\/p><\/div>\n<p data-namespace-prompt=\"\" style=\"font-size: 16px; color: #666; margin-bottom: 20px; line-height: 1.5; flex-grow: 1; text-align: left; margin-top: 0px;\">Atua\u00e7\u00e3o em atividades administrativas, necess\u00e1rio ensino m\u00e9dio completo e experi\u00eancia comprovada. Benef\u00edcios e jornada a combinar, ambiente est\u00e1vel para crescimento.<\/p>\n<p>    <a data-namespace-url=\"\" href=\"https:\/\/cloudbyte7.com\/it\/redirect\/?https:\/\/br.jobrapido.com\/jobpreview\/6950102594337374208?utm_campaign=google_jobs_apply&#038;utm_source=google_jobs_apply&#038;utm_medium=organic\" style=\"width: 100%; display: inline-block; color: white; text-decoration: none; border-radius: 6px; font-size: 16px; font-weight: bold; text-align: center; transition: transform 0.3s ease, background 0.3s ease; margin-top: auto;\" data-namespace-id=\"5c0d2565-3ba9-4280-a382-ad2a691e2285\"><br \/>\n        <button style=\"width: 100%; height: 55px; background: #e9e9ed; border: 1px solid black; color: black;\">Candidatar-se \u00e0 vaga<\/button><br \/>\n    <\/a><br \/>\n    <small style=\"margin-top: 10px; color: #777; font-size: 12px; text-align: center; display: block;\">Verrai reindirizzato all&#039;altro sito<\/small>\n<\/div>\n<\/div>","protected":false},"excerpt":{"rendered":"<p>Descubra a vaga administrativa full time ideal para quem tem experi\u00eancia no setor e ensino m\u00e9dio completo. Jornada e benef\u00edcios negoci\u00e1veis. Candidate-se para crescer na carreira!<\/p>","protected":false},"author":3,"featured_media":0,"comment_status":"open","ping_status":"open","sticky":false,"template":"","format":"standard","meta":{"footnotes":""},"categories":[15],"tags":[],"yoast_head":"<!-- This site is optimized with the Yoast SEO plugin v23.3 - https:\/\/yoast.com\/wordpress\/plugins\/seo\/ -->\n<title>Administrativo: Vaga Full Time com Requisitos Claros e Benef\u00edcios a Combinar - Cloud Byte 7<\/title>\n<meta name=\"robots\" content=\"index, follow, max-snippet:-1, max-image-preview:large, max-video-preview:-1\" \/>\n<link rel=\"canonical\" href=\"https:\/\/cloudbyte7.com\/it\/e88b2f3d-6ddc-4960-89a7-af2ae7a59096\/\" \/>\n<meta property=\"og:locale\" content=\"it_IT\" \/>\n<meta property=\"og:type\" content=\"article\" \/>\n<meta property=\"og:title\" content=\"Administrativo: Vaga Full Time com Requisitos Claros e Benef\u00edcios a Combinar - Cloud Byte 7\" \/>\n<meta property=\"og:description\" content=\"Descubra a vaga administrativa full time ideal para quem tem experi\u00eancia no setor e ensino m\u00e9dio completo. Jornada e benef\u00edcios negoci\u00e1veis. Candidate-se para crescer na carreira!\" \/>\n<meta property=\"og:url\" content=\"https:\/\/cloudbyte7.com\/it\/e88b2f3d-6ddc-4960-89a7-af2ae7a59096\/\" \/>\n<meta property=\"og:site_name\" content=\"Cloud Byte 7\" \/>\n<meta property=\"article:published_time\" content=\"2025-12-10T12:47:00+00:00\" \/>\n<meta property=\"article:modified_time\" content=\"2025-12-10T12:47:03+00:00\" \/>\n<meta name=\"author\" content=\"Bruno Gianni\" \/>\n<meta name=\"twitter:card\" content=\"summary_large_image\" \/>\n<meta name=\"twitter:label1\" content=\"Written by\" \/>\n\t<meta name=\"twitter:data1\" content=\"Bruno Gianni\" \/>\n\t<meta name=\"twitter:label2\" content=\"Est. reading time\" \/>\n\t<meta name=\"twitter:data2\" content=\"2 minuti\" \/>\n<script type=\"application\/ld+json\" class=\"yoast-schema-graph\">{\"@context\":\"https:\/\/schema.org\",\"@graph\":[{\"@type\":\"WebPage\",\"@id\":\"https:\/\/cloudbyte7.com\/e88b2f3d-6ddc-4960-89a7-af2ae7a59096\/\",\"url\":\"https:\/\/cloudbyte7.com\/e88b2f3d-6ddc-4960-89a7-af2ae7a59096\/\",\"name\":\"Administrativo: Vaga Full Time com Requisitos Claros e Benef\u00edcios a Combinar - Cloud Byte 7\",\"isPartOf\":{\"@id\":\"https:\/\/cloudbyte7.com\/#website\"},\"datePublished\":\"2025-12-10T12:47:00+00:00\",\"dateModified\":\"2025-12-10T12:47:03+00:00\",\"author\":{\"@id\":\"https:\/\/cloudbyte7.com\/#\/schema\/person\/d52888235fd6563bd07d97185d6a61e4\"},\"breadcrumb\":{\"@id\":\"https:\/\/cloudbyte7.com\/e88b2f3d-6ddc-4960-89a7-af2ae7a59096\/#breadcrumb\"},\"inLanguage\":\"it-IT\",\"potentialAction\":[{\"@type\":\"ReadAction\",\"target\":[\"https:\/\/cloudbyte7.com\/e88b2f3d-6ddc-4960-89a7-af2ae7a59096\/\"]}]},{\"@type\":\"BreadcrumbList\",\"@id\":\"https:\/\/cloudbyte7.com\/e88b2f3d-6ddc-4960-89a7-af2ae7a59096\/#breadcrumb\",\"itemListElement\":[{\"@type\":\"ListItem\",\"position\":1,\"name\":\"Home\",\"item\":\"https:\/\/cloudbyte7.com\/\"},{\"@type\":\"ListItem\",\"position\":2,\"name\":\"Administrativo: Vaga Full Time com Requisitos Claros e Benef\u00edcios a Combinar\"}]},{\"@type\":\"WebSite\",\"@id\":\"https:\/\/cloudbyte7.com\/#website\",\"url\":\"https:\/\/cloudbyte7.com\/\",\"name\":\"Cloud Byte 7\",\"description\":\"\",\"potentialAction\":[{\"@type\":\"SearchAction\",\"target\":{\"@type\":\"EntryPoint\",\"urlTemplate\":\"https:\/\/cloudbyte7.com\/?s={search_term_string}\"},\"query-input\":\"required name=search_term_string\"}],\"inLanguage\":\"it-IT\"},{\"@type\":\"Person\",\"@id\":\"https:\/\/cloudbyte7.com\/#\/schema\/person\/d52888235fd6563bd07d97185d6a61e4\",\"name\":\"Bruno Gianni\",\"image\":{\"@type\":\"ImageObject\",\"inLanguage\":\"it-IT\",\"@id\":\"https:\/\/cloudbyte7.com\/#\/schema\/person\/image\/\",\"url\":\"https:\/\/secure.gravatar.com\/avatar\/0f5d42d7bf77874643c1478932860e3f?s=96&d=mm&r=g\",\"contentUrl\":\"https:\/\/secure.gravatar.com\/avatar\/0f5d42d7bf77874643c1478932860e3f?s=96&d=mm&r=g\",\"caption\":\"Bruno Gianni\"},\"description\":\"Bruno writes the way he lives, with curiosity, care, and respect for people. He likes to observe, listen, and try to understand what is happening on the other side before putting any words on the page.For him, writing is not about impressing, but about getting closer. It is about turning thoughts into something simple, clear, and real. Every text is an ongoing conversation, created with care and honesty, with the sincere intention of touching someone, somewhere along the way.\",\"url\":\"https:\/\/cloudbyte7.com\/it\/author\/bcgianni\/\"}]}<\/script>\n<!-- \/ Yoast SEO plugin. -->","yoast_head_json":{"title":"Administrativo: Vaga Full Time com Requisitos Claros e Benef\u00edcios a Combinar - Cloud Byte 7","robots":{"index":"index","follow":"follow","max-snippet":"max-snippet:-1","max-image-preview":"max-image-preview:large","max-video-preview":"max-video-preview:-1"},"canonical":"https:\/\/cloudbyte7.com\/it\/e88b2f3d-6ddc-4960-89a7-af2ae7a59096\/","og_locale":"it_IT","og_type":"article","og_title":"Administrativo: Vaga Full Time com Requisitos Claros e Benef\u00edcios a Combinar - Cloud Byte 7","og_description":"Descubra a vaga administrativa full time ideal para quem tem experi\u00eancia no setor e ensino m\u00e9dio completo. Jornada e benef\u00edcios negoci\u00e1veis. Candidate-se para crescer na carreira!","og_url":"https:\/\/cloudbyte7.com\/it\/e88b2f3d-6ddc-4960-89a7-af2ae7a59096\/","og_site_name":"Cloud Byte 7","article_published_time":"2025-12-10T12:47:00+00:00","article_modified_time":"2025-12-10T12:47:03+00:00","author":"Bruno Gianni","twitter_card":"summary_large_image","twitter_misc":{"Written by":"Bruno Gianni","Est. reading time":"2 minuti"},"schema":{"@context":"https:\/\/schema.org","@graph":[{"@type":"WebPage","@id":"https:\/\/cloudbyte7.com\/e88b2f3d-6ddc-4960-89a7-af2ae7a59096\/","url":"https:\/\/cloudbyte7.com\/e88b2f3d-6ddc-4960-89a7-af2ae7a59096\/","name":"Administrativo: Vaga Full Time com Requisitos Claros e Benef\u00edcios a Combinar - Cloud Byte 7","isPartOf":{"@id":"https:\/\/cloudbyte7.com\/#website"},"datePublished":"2025-12-10T12:47:00+00:00","dateModified":"2025-12-10T12:47:03+00:00","author":{"@id":"https:\/\/cloudbyte7.com\/#\/schema\/person\/d52888235fd6563bd07d97185d6a61e4"},"breadcrumb":{"@id":"https:\/\/cloudbyte7.com\/e88b2f3d-6ddc-4960-89a7-af2ae7a59096\/#breadcrumb"},"inLanguage":"it-IT","potentialAction":[{"@type":"ReadAction","target":["https:\/\/cloudbyte7.com\/e88b2f3d-6ddc-4960-89a7-af2ae7a59096\/"]}]},{"@type":"BreadcrumbList","@id":"https:\/\/cloudbyte7.com\/e88b2f3d-6ddc-4960-89a7-af2ae7a59096\/#breadcrumb","itemListElement":[{"@type":"ListItem","position":1,"name":"Home","item":"https:\/\/cloudbyte7.com\/"},{"@type":"ListItem","position":2,"name":"Administrativo: Vaga Full Time com Requisitos Claros e Benef\u00edcios a Combinar"}]},{"@type":"WebSite","@id":"https:\/\/cloudbyte7.com\/#website","url":"https:\/\/cloudbyte7.com\/","name":"Cloud Byte 7","description":"","potentialAction":[{"@type":"SearchAction","target":{"@type":"EntryPoint","urlTemplate":"https:\/\/cloudbyte7.com\/?s={search_term_string}"},"query-input":"required name=search_term_string"}],"inLanguage":"it-IT"},{"@type":"Person","@id":"https:\/\/cloudbyte7.com\/#\/schema\/person\/d52888235fd6563bd07d97185d6a61e4","name":"Bruno Gianni","image":{"@type":"ImageObject","inLanguage":"it-IT","@id":"https:\/\/cloudbyte7.com\/#\/schema\/person\/image\/","url":"https:\/\/secure.gravatar.com\/avatar\/0f5d42d7bf77874643c1478932860e3f?s=96&d=mm&r=g","contentUrl":"https:\/\/secure.gravatar.com\/avatar\/0f5d42d7bf77874643c1478932860e3f?s=96&d=mm&r=g","caption":"Bruno Gianni"},"description":"Bruno writes the way he lives, with curiosity, care, and respect for people. He likes to observe, listen, and try to understand what is happening on the other side before putting any words on the page.For him, writing is not about impressing, but about getting closer. It is about turning thoughts into something simple, clear, and real. Every text is an ongoing conversation, created with care and honesty, with the sincere intention of touching someone, somewhere along the way.","url":"https:\/\/cloudbyte7.com\/it\/author\/bcgianni\/"}]}},"_links":{"self":[{"href":"https:\/\/cloudbyte7.com\/it\/wp-json\/wp\/v2\/posts\/3073"}],"collection":[{"href":"https:\/\/cloudbyte7.com\/it\/wp-json\/wp\/v2\/posts"}],"about":[{"href":"https:\/\/cloudbyte7.com\/it\/wp-json\/wp\/v2\/types\/post"}],"author":[{"embeddable":true,"href":"https:\/\/cloudbyte7.com\/it\/wp-json\/wp\/v2\/users\/3"}],"replies":[{"embeddable":true,"href":"https:\/\/cloudbyte7.com\/it\/wp-json\/wp\/v2\/comments?post=3073"}],"version-history":[{"count":1,"href":"https:\/\/cloudbyte7.com\/it\/wp-json\/wp\/v2\/posts\/3073\/revisions"}],"predecessor-version":[{"id":3097,"href":"https:\/\/cloudbyte7.com\/it\/wp-json\/wp\/v2\/posts\/3073\/revisions\/3097"}],"wp:attachment":[{"href":"https:\/\/cloudbyte7.com\/it\/wp-json\/wp\/v2\/media?parent=3073"}],"wp:term":[{"taxonomy":"category","embeddable":true,"href":"https:\/\/cloudbyte7.com\/it\/wp-json\/wp\/v2\/categories?post=3073"},{"taxonomy":"post_tag","embeddable":true,"href":"https:\/\/cloudbyte7.com\/it\/wp-json\/wp\/v2\/tags?post=3073"}],"curies":[{"name":"wp","href":"https:\/\/api.w.org\/{rel}","templated":true}]}}