{"id":3225,"date":"2025-12-11T10:58:00","date_gmt":"2025-12-11T10:58:00","guid":{"rendered":"https:\/\/cloudbyte7.com\/6a32e6c2-0163-439a-ba4b-97585611b21b\/"},"modified":"2025-12-11T10:58:10","modified_gmt":"2025-12-11T10:58:10","slug":"6a32e6c2-0163-439a-ba4b-97585611b21b","status":"publish","type":"post","link":"https:\/\/cloudbyte7.com\/it\/6a32e6c2-0163-439a-ba4b-97585611b21b\/","title":{"rendered":"Promotor de Vendas Tempor\u00e1rio Uliving \u2013 Benef\u00edcios Flex\u00edveis e Crescimento"},"content":{"rendered":"<div class=\"mx-5 sm:mx-0 prose text-left mb-5\">\n<\/p>\n<div style=\"background: #ffffff; border-radius: 12px; box-shadow: 0 10px 30px rgba(0, 0, 0, 0.1); width: 100%; max-width: 340px; padding: 25px; transition: transform 0.3s ease-in-out; overflow: visible; display: flex; flex-direction: column; position: relative; border: 1px solid #28a745; margin-top: 70px; margin-bottom: 50px; margin-left: auto; margin-right: auto;\">\n<div style=\"position: absolute; top: -35px; right: 15px; color: #28a745; padding: 5px 10px; border-radius: 6px; font-size: 14px; font-weight: bold; display: flex; align-items: center; z-index: 10;\">Recomendado para voc\u00ea<\/div>\n<div data-namespace-header=\"\" style=\"\">\n<h3 data-namespace-title=\"\" style=\"color: #333; font-size: 20px; font-weight: bold; text-align: left; margin-right: 50px; min-height: 50px; margin-top: 0px;\">Promotor de Vendas Tempor\u00e1rio<\/h3>\n<\/p><\/div>\n<p data-namespace-prompt=\"\" style=\"font-size: 16px; color: #666; margin-bottom: 20px; line-height: 1.5; flex-grow: 1; text-align: left; margin-top: 0px;\">Busque destacar-se com excelente comunica\u00e7\u00e3o e organiza\u00e7\u00e3o em um time comercial din\u00e2mico, recebendo benef\u00edcios flex\u00edveis, descontos em academias e parcerias de ensino.<\/p>\n<p>    <a data-namespace-url=\"\" href=\"https:\/\/cloudbyte7.com\/it\/redirect\/?https:\/\/atracaodetalentos.totvs.app\/vagasuliving\/40\/promotor-de-vendas-temporario?utm_campaign=google_jobs_apply&#038;utm_source=google_jobs_apply&#038;utm_medium=organic\" style=\"width: 100%; display: inline-block; color: white; text-decoration: none; border-radius: 6px; font-size: 16px; font-weight: bold; text-align: center; transition: transform 0.3s ease, background 0.3s ease; margin-top: auto;\" data-namespace-id=\"5c0d2565-3ba9-4280-a382-ad2a691e2285\"><br \/>\n        <button style=\"width: 100%; height: 55px; background: #e9e9ed; border: 1px solid black; color: black;\">Candidatar-se \u00e0 vaga<\/button><br \/>\n    <\/a><br \/>\n    <small style=\"margin-top: 10px; color: #777; font-size: 12px; text-align: center; display: block;\">Sarai indirizzato a un altro sito<\/small>\n<\/div>\n<p>Se voc\u00ea procura uma vaga tempor\u00e1ria na \u00e1rea comercial com sal\u00e1rio a combinar e regime PJ, h\u00e1 uma interessante oportunidade. A vaga de Promotor de Vendas Tempor\u00e1rio oferece benef\u00edcios como ajuda de custo mensal em cart\u00e3o flex\u00edvel, desconto em academias, descontos em psicoterapia e acesso a clubes de desconto e parcerias de ensino.<\/p>\n<p><strong>Rotina e Responsabilidades<\/strong><\/p>\n<p>O dia a dia exige boa comunica\u00e7\u00e3o e proatividade, recebendo e acompanhando potenciais clientes, conduzindo visitas e apresentando toda a infraestrutura e facilidades da moradia, assim como registrando dados desses leads.<\/p>\n<p><strong>Principais Vantagens<\/strong><\/p>\n<p>Entre os pontos positivos est\u00e3o o pacote de benef\u00edcios flex\u00edveis e o ambiente jovem, participando de uma empresa refer\u00eancia em viv\u00eancia estudantil e coliving, o que \u00e9 excelente para quem busca amadurecimento profissional.<\/p>\n<p>Outro destaque: parcerias com institui\u00e7\u00f5es de ensino e desconto em servi\u00e7os s\u00e3o grandes atrativos.<\/p>\n<p><strong>Poss\u00edveis Desvantagens<\/strong><\/p>\n<p>Como a contrata\u00e7\u00e3o \u00e9 PJ, n\u00e3o h\u00e1 garantia de estabilidade ou benef\u00edcios tradicionais como plano de sa\u00fade. Al\u00e9m disso, a atua\u00e7\u00e3o \u00e9 tempor\u00e1ria, podendo exigir nova recoloca\u00e7\u00e3o futuramente.<\/p>\n<p>O contato constante com pessoas exige facilidade de comunica\u00e7\u00e3o, foco e organiza\u00e7\u00e3o, o que pode ser desafiador para quem prefere atividades mais est\u00e1veis ou isoladas.<\/p>\n<p><strong>Riassunto finale<\/strong><\/p>\n<p>A vaga Promotor de Vendas Tempor\u00e1rio \u00e9 uma escolha interessante para profissionais din\u00e2micos, comunicativos e interessados em ambientes inovadores, com benef\u00edcios flex\u00edveis para apoiar o dia a dia.<\/p>\n<div style=\"background: #ffffff; border-radius: 12px; box-shadow: 0 10px 30px rgba(0, 0, 0, 0.1); width: 100%; max-width: 340px; padding: 25px; transition: transform 0.3s ease-in-out; overflow: visible; display: flex; flex-direction: column; position: relative; border: 1px solid #28a745; margin-top: 70px; margin-bottom: 50px; margin-left: auto; margin-right: auto;\">\n<div style=\"position: absolute; top: -35px; right: 15px; color: #28a745; padding: 5px 10px; border-radius: 6px; font-size: 14px; font-weight: bold; display: flex; align-items: center; z-index: 10;\">Recomendado para voc\u00ea<\/div>\n<div data-namespace-header=\"\" style=\"\">\n<h3 data-namespace-title=\"\" style=\"color: #333; font-size: 20px; font-weight: bold; text-align: left; margin-right: 50px; min-height: 50px; margin-top: 0px;\">Promotor de Vendas Tempor\u00e1rio<\/h3>\n<\/p><\/div>\n<p data-namespace-prompt=\"\" style=\"font-size: 16px; color: #666; margin-bottom: 20px; line-height: 1.5; flex-grow: 1; text-align: left; margin-top: 0px;\">Busque destacar-se com excelente comunica\u00e7\u00e3o e organiza\u00e7\u00e3o em um time comercial din\u00e2mico, recebendo benef\u00edcios flex\u00edveis, descontos em academias e parcerias de ensino.<\/p>\n<p>    <a data-namespace-url=\"\" href=\"https:\/\/cloudbyte7.com\/it\/redirect\/?https:\/\/atracaodetalentos.totvs.app\/vagasuliving\/40\/promotor-de-vendas-temporario?utm_campaign=google_jobs_apply&#038;utm_source=google_jobs_apply&#038;utm_medium=organic\" style=\"width: 100%; display: inline-block; color: white; text-decoration: none; border-radius: 6px; font-size: 16px; font-weight: bold; text-align: center; transition: transform 0.3s ease, background 0.3s ease; margin-top: auto;\" data-namespace-id=\"5c0d2565-3ba9-4280-a382-ad2a691e2285\"><br \/>\n        <button style=\"width: 100%; height: 55px; background: #e9e9ed; border: 1px solid black; color: black;\">Candidatar-se \u00e0 vaga<\/button><br \/>\n    <\/a><br \/>\n    <small style=\"margin-top: 10px; color: #777; font-size: 12px; text-align: center; display: block;\">Sarai indirizzato a un altro sito<\/small>\n<\/div>\n<\/div>","protected":false},"excerpt":{"rendered":"<p>Confira vaga tempor\u00e1ria para Promotor de Vendas na Uliving, incluindo benef\u00edcios flex\u00edveis, ambiente jovem e oportunidades para quem busca crescimento profissional na \u00e1rea comercial.<\/p>","protected":false},"author":3,"featured_media":0,"comment_status":"open","ping_status":"open","sticky":false,"template":"","format":"standard","meta":{"footnotes":""},"categories":[15],"tags":[],"yoast_head":"<!-- This site is optimized with the Yoast SEO plugin v23.3 - https:\/\/yoast.com\/wordpress\/plugins\/seo\/ -->\n<title>Promotor de Vendas Tempor\u00e1rio Uliving \u2013 Benef\u00edcios Flex\u00edveis e Crescimento - Cloud Byte 7<\/title>\n<meta name=\"robots\" content=\"index, follow, max-snippet:-1, max-image-preview:large, max-video-preview:-1\" \/>\n<link rel=\"canonical\" href=\"https:\/\/cloudbyte7.com\/it\/6a32e6c2-0163-439a-ba4b-97585611b21b\/\" \/>\n<meta property=\"og:locale\" content=\"it_IT\" \/>\n<meta property=\"og:type\" content=\"article\" \/>\n<meta property=\"og:title\" content=\"Promotor de Vendas Tempor\u00e1rio Uliving \u2013 Benef\u00edcios Flex\u00edveis e Crescimento - Cloud Byte 7\" \/>\n<meta property=\"og:description\" content=\"Confira vaga tempor\u00e1ria para Promotor de Vendas na Uliving, incluindo benef\u00edcios flex\u00edveis, ambiente jovem e oportunidades para quem busca crescimento profissional na \u00e1rea comercial.\" \/>\n<meta property=\"og:url\" content=\"https:\/\/cloudbyte7.com\/it\/6a32e6c2-0163-439a-ba4b-97585611b21b\/\" \/>\n<meta property=\"og:site_name\" content=\"Cloud Byte 7\" \/>\n<meta property=\"article:published_time\" content=\"2025-12-11T10:58:00+00:00\" \/>\n<meta property=\"article:modified_time\" content=\"2025-12-11T10:58:10+00:00\" \/>\n<meta name=\"author\" content=\"Bruno Gianni\" \/>\n<meta name=\"twitter:card\" content=\"summary_large_image\" \/>\n<meta name=\"twitter:label1\" content=\"Written by\" \/>\n\t<meta name=\"twitter:data1\" content=\"Bruno Gianni\" \/>\n\t<meta name=\"twitter:label2\" content=\"Est. reading time\" \/>\n\t<meta name=\"twitter:data2\" content=\"2 minuti\" \/>\n<script type=\"application\/ld+json\" class=\"yoast-schema-graph\">{\"@context\":\"https:\/\/schema.org\",\"@graph\":[{\"@type\":\"WebPage\",\"@id\":\"https:\/\/cloudbyte7.com\/6a32e6c2-0163-439a-ba4b-97585611b21b\/\",\"url\":\"https:\/\/cloudbyte7.com\/6a32e6c2-0163-439a-ba4b-97585611b21b\/\",\"name\":\"Promotor de Vendas Tempor\u00e1rio Uliving \u2013 Benef\u00edcios Flex\u00edveis e Crescimento - Cloud Byte 7\",\"isPartOf\":{\"@id\":\"https:\/\/cloudbyte7.com\/#website\"},\"datePublished\":\"2025-12-11T10:58:00+00:00\",\"dateModified\":\"2025-12-11T10:58:10+00:00\",\"author\":{\"@id\":\"https:\/\/cloudbyte7.com\/#\/schema\/person\/d52888235fd6563bd07d97185d6a61e4\"},\"breadcrumb\":{\"@id\":\"https:\/\/cloudbyte7.com\/6a32e6c2-0163-439a-ba4b-97585611b21b\/#breadcrumb\"},\"inLanguage\":\"it-IT\",\"potentialAction\":[{\"@type\":\"ReadAction\",\"target\":[\"https:\/\/cloudbyte7.com\/6a32e6c2-0163-439a-ba4b-97585611b21b\/\"]}]},{\"@type\":\"BreadcrumbList\",\"@id\":\"https:\/\/cloudbyte7.com\/6a32e6c2-0163-439a-ba4b-97585611b21b\/#breadcrumb\",\"itemListElement\":[{\"@type\":\"ListItem\",\"position\":1,\"name\":\"Home\",\"item\":\"https:\/\/cloudbyte7.com\/\"},{\"@type\":\"ListItem\",\"position\":2,\"name\":\"Promotor de Vendas Tempor\u00e1rio Uliving \u2013 Benef\u00edcios Flex\u00edveis e Crescimento\"}]},{\"@type\":\"WebSite\",\"@id\":\"https:\/\/cloudbyte7.com\/#website\",\"url\":\"https:\/\/cloudbyte7.com\/\",\"name\":\"Cloud Byte 7\",\"description\":\"\",\"potentialAction\":[{\"@type\":\"SearchAction\",\"target\":{\"@type\":\"EntryPoint\",\"urlTemplate\":\"https:\/\/cloudbyte7.com\/?s={search_term_string}\"},\"query-input\":\"required name=search_term_string\"}],\"inLanguage\":\"it-IT\"},{\"@type\":\"Person\",\"@id\":\"https:\/\/cloudbyte7.com\/#\/schema\/person\/d52888235fd6563bd07d97185d6a61e4\",\"name\":\"Bruno Gianni\",\"image\":{\"@type\":\"ImageObject\",\"inLanguage\":\"it-IT\",\"@id\":\"https:\/\/cloudbyte7.com\/#\/schema\/person\/image\/\",\"url\":\"https:\/\/secure.gravatar.com\/avatar\/0f5d42d7bf77874643c1478932860e3f?s=96&d=mm&r=g\",\"contentUrl\":\"https:\/\/secure.gravatar.com\/avatar\/0f5d42d7bf77874643c1478932860e3f?s=96&d=mm&r=g\",\"caption\":\"Bruno Gianni\"},\"description\":\"Bruno writes the way he lives, with curiosity, care, and respect for people. He likes to observe, listen, and try to understand what is happening on the other side before putting any words on the page.For him, writing is not about impressing, but about getting closer. It is about turning thoughts into something simple, clear, and real. Every text is an ongoing conversation, created with care and honesty, with the sincere intention of touching someone, somewhere along the way.\",\"url\":\"https:\/\/cloudbyte7.com\/it\/author\/bcgianni\/\"}]}<\/script>\n<!-- \/ Yoast SEO plugin. -->","yoast_head_json":{"title":"Promotor de Vendas Tempor\u00e1rio Uliving \u2013 Benef\u00edcios Flex\u00edveis e Crescimento - Cloud Byte 7","robots":{"index":"index","follow":"follow","max-snippet":"max-snippet:-1","max-image-preview":"max-image-preview:large","max-video-preview":"max-video-preview:-1"},"canonical":"https:\/\/cloudbyte7.com\/it\/6a32e6c2-0163-439a-ba4b-97585611b21b\/","og_locale":"it_IT","og_type":"article","og_title":"Promotor de Vendas Tempor\u00e1rio Uliving \u2013 Benef\u00edcios Flex\u00edveis e Crescimento - Cloud Byte 7","og_description":"Confira vaga tempor\u00e1ria para Promotor de Vendas na Uliving, incluindo benef\u00edcios flex\u00edveis, ambiente jovem e oportunidades para quem busca crescimento profissional na \u00e1rea comercial.","og_url":"https:\/\/cloudbyte7.com\/it\/6a32e6c2-0163-439a-ba4b-97585611b21b\/","og_site_name":"Cloud Byte 7","article_published_time":"2025-12-11T10:58:00+00:00","article_modified_time":"2025-12-11T10:58:10+00:00","author":"Bruno Gianni","twitter_card":"summary_large_image","twitter_misc":{"Written by":"Bruno Gianni","Est. reading time":"2 minuti"},"schema":{"@context":"https:\/\/schema.org","@graph":[{"@type":"WebPage","@id":"https:\/\/cloudbyte7.com\/6a32e6c2-0163-439a-ba4b-97585611b21b\/","url":"https:\/\/cloudbyte7.com\/6a32e6c2-0163-439a-ba4b-97585611b21b\/","name":"Promotor de Vendas Tempor\u00e1rio Uliving \u2013 Benef\u00edcios Flex\u00edveis e Crescimento - Cloud Byte 7","isPartOf":{"@id":"https:\/\/cloudbyte7.com\/#website"},"datePublished":"2025-12-11T10:58:00+00:00","dateModified":"2025-12-11T10:58:10+00:00","author":{"@id":"https:\/\/cloudbyte7.com\/#\/schema\/person\/d52888235fd6563bd07d97185d6a61e4"},"breadcrumb":{"@id":"https:\/\/cloudbyte7.com\/6a32e6c2-0163-439a-ba4b-97585611b21b\/#breadcrumb"},"inLanguage":"it-IT","potentialAction":[{"@type":"ReadAction","target":["https:\/\/cloudbyte7.com\/6a32e6c2-0163-439a-ba4b-97585611b21b\/"]}]},{"@type":"BreadcrumbList","@id":"https:\/\/cloudbyte7.com\/6a32e6c2-0163-439a-ba4b-97585611b21b\/#breadcrumb","itemListElement":[{"@type":"ListItem","position":1,"name":"Home","item":"https:\/\/cloudbyte7.com\/"},{"@type":"ListItem","position":2,"name":"Promotor de Vendas Tempor\u00e1rio Uliving \u2013 Benef\u00edcios Flex\u00edveis e Crescimento"}]},{"@type":"WebSite","@id":"https:\/\/cloudbyte7.com\/#website","url":"https:\/\/cloudbyte7.com\/","name":"Cloud Byte 7","description":"","potentialAction":[{"@type":"SearchAction","target":{"@type":"EntryPoint","urlTemplate":"https:\/\/cloudbyte7.com\/?s={search_term_string}"},"query-input":"required name=search_term_string"}],"inLanguage":"it-IT"},{"@type":"Person","@id":"https:\/\/cloudbyte7.com\/#\/schema\/person\/d52888235fd6563bd07d97185d6a61e4","name":"Bruno Gianni","image":{"@type":"ImageObject","inLanguage":"it-IT","@id":"https:\/\/cloudbyte7.com\/#\/schema\/person\/image\/","url":"https:\/\/secure.gravatar.com\/avatar\/0f5d42d7bf77874643c1478932860e3f?s=96&d=mm&r=g","contentUrl":"https:\/\/secure.gravatar.com\/avatar\/0f5d42d7bf77874643c1478932860e3f?s=96&d=mm&r=g","caption":"Bruno Gianni"},"description":"Bruno writes the way he lives, with curiosity, care, and respect for people. He likes to observe, listen, and try to understand what is happening on the other side before putting any words on the page.For him, writing is not about impressing, but about getting closer. It is about turning thoughts into something simple, clear, and real. Every text is an ongoing conversation, created with care and honesty, with the sincere intention of touching someone, somewhere along the way.","url":"https:\/\/cloudbyte7.com\/it\/author\/bcgianni\/"}]}},"_links":{"self":[{"href":"https:\/\/cloudbyte7.com\/it\/wp-json\/wp\/v2\/posts\/3225"}],"collection":[{"href":"https:\/\/cloudbyte7.com\/it\/wp-json\/wp\/v2\/posts"}],"about":[{"href":"https:\/\/cloudbyte7.com\/it\/wp-json\/wp\/v2\/types\/post"}],"author":[{"embeddable":true,"href":"https:\/\/cloudbyte7.com\/it\/wp-json\/wp\/v2\/users\/3"}],"replies":[{"embeddable":true,"href":"https:\/\/cloudbyte7.com\/it\/wp-json\/wp\/v2\/comments?post=3225"}],"version-history":[{"count":1,"href":"https:\/\/cloudbyte7.com\/it\/wp-json\/wp\/v2\/posts\/3225\/revisions"}],"predecessor-version":[{"id":3233,"href":"https:\/\/cloudbyte7.com\/it\/wp-json\/wp\/v2\/posts\/3225\/revisions\/3233"}],"wp:attachment":[{"href":"https:\/\/cloudbyte7.com\/it\/wp-json\/wp\/v2\/media?parent=3225"}],"wp:term":[{"taxonomy":"category","embeddable":true,"href":"https:\/\/cloudbyte7.com\/it\/wp-json\/wp\/v2\/categories?post=3225"},{"taxonomy":"post_tag","embeddable":true,"href":"https:\/\/cloudbyte7.com\/it\/wp-json\/wp\/v2\/tags?post=3225"}],"curies":[{"name":"wp","href":"https:\/\/api.w.org\/{rel}","templated":true}]}}