{"id":1913,"date":"2025-12-09T18:57:00","date_gmt":"2025-12-09T18:57:00","guid":{"rendered":"https:\/\/cloudbyte7.com\/7af58679-8298-4b45-9a74-94b6bdf13d38\/"},"modified":"2025-12-09T18:57:50","modified_gmt":"2025-12-09T18:57:50","slug":"7af58679-8298-4b45-9a74-94b6bdf13d38","status":"publish","type":"post","link":"https:\/\/cloudbyte7.com\/ko\/7af58679-8298-4b45-9a74-94b6bdf13d38\/","title":{"rendered":"Auxiliar de Armaz\u00e9m: Sal\u00e1rio Competitivo e Benef\u00edcios Atrativos"},"content":{"rendered":"<div class=\"mx-5 sm:mx-0 prose text-left mb-5\">\n<\/p>\n<div style=\"background: #ffffff; border-radius: 12px; box-shadow: 0 10px 30px rgba(0, 0, 0, 0.1); width: 100%; max-width: 340px; padding: 25px; transition: transform 0.3s ease-in-out; overflow: visible; display: flex; flex-direction: column; position: relative; border: 1px solid #28a745; margin-top: 70px; margin-bottom: 50px; margin-left: auto; margin-right: auto;\">\n<div style=\"position: absolute; top: -35px; right: 15px; color: #28a745; padding: 5px 10px; border-radius: 6px; font-size: 14px; font-weight: bold; display: flex; align-items: center; z-index: 10;\">Recomendado para voc\u00ea<\/div>\n<div data-namespace-header=\"\" style=\"\">\n<h3 data-namespace-title=\"\" style=\"color: #333; font-size: 20px; font-weight: bold; text-align: left; margin-right: 50px; min-height: 50px; margin-top: 0px;\">Auxiliar de Armaz\u00e9m<\/h3>\n<\/p><\/div>\n<p data-namespace-prompt=\"\" style=\"font-size: 16px; color: #666; margin-bottom: 20px; line-height: 1.5; flex-grow: 1; text-align: left; margin-top: 0px;\">Atue em uma empresa est\u00e1vel com sal\u00e1rio fixo acima do mercado, b\u00f4nus, fretado, refei\u00e7\u00e3o local e Totalpass. Contrato tempor\u00e1rio com possibilidade de efetiva\u00e7\u00e3o!<\/p>\n<p>    <a data-namespace-url=\"\" href=\"https:\/\/cloudbyte7.com\/ko\/redirect\/?https:\/\/www.catho.com.br\/vagas\/auxiliar-de-armazem\/33546820\/?utm_campaign=google_jobs_apply&#038;utm_source=google_jobs_apply&#038;utm_medium=organic\" style=\"width: 100%; display: inline-block; color: white; text-decoration: none; border-radius: 6px; font-size: 16px; font-weight: bold; text-align: center; transition: transform 0.3s ease, background 0.3s ease; margin-top: auto;\" data-namespace-id=\"5c0d2565-3ba9-4280-a382-ad2a691e2285\"><br \/>\n        <button style=\"width: 100%; height: 55px; background: #e9e9ed; border: 1px solid black; color: black;\">Candidatar-se \u00e0 vaga<\/button><br \/>\n    <\/a><br \/>\n    <small style=\"margin-top: 10px; color: #777; font-size: 12px; text-align: center; display: block;\">Voc\u00ea ser\u00e1 redirecionado para outro site<\/small>\n<\/div>\n<section>\n<h2>Oportunidade e Condi\u00e7\u00f5es<\/h2>\n<p>A vaga de Auxiliar de Armaz\u00e9m oferece um sal\u00e1rio competitivo de R$ 1.717,00, al\u00e9m de bonifica\u00e7\u00e3o no valor de R$ 200,00 mensais, o que aumenta o atrativo da posi\u00e7\u00e3o.<\/p>\n<p>O emprego \u00e9 tempor\u00e1rio, mas h\u00e1 reais chances de efetiva\u00e7\u00e3o ap\u00f3s seis meses, tornando a vaga interessante para quem busca estabilidade.<\/p>\n<p>Tamb\u00e9m s\u00e3o oferecidos benef\u00edcios como fretado para facilitar o deslocamento, refei\u00e7\u00e3o no local e acesso ao programa Totalpass.<\/p>\n<p>Os turnos s\u00e3o bem definidos, com op\u00e7\u00f5es pela manh\u00e3 ou \u00e0 tarde, permitindo melhor planejamento pessoal e flexibilidade.<\/p>\n<p>Esses detalhes tornam a vaga atrativa para profissionais em busca de valoriza\u00e7\u00e3o e boas condi\u00e7\u00f5es de trabalho.<\/p>\n<\/section>\n<h2>Rotina e Responsabilidades<\/h2>\n<p>O Auxiliar de Armaz\u00e9m \u00e9 respons\u00e1vel pela movimenta\u00e7\u00e3o, separa\u00e7\u00e3o e organiza\u00e7\u00e3o dos materiais e mercadorias recebidos e enviados pela empresa.<\/p>\n<p>No dia a dia, o profissional deve conferir e armazenar os produtos, mantendo o estoque bem organizado e em condi\u00e7\u00f5es ideais.<\/p>\n<p>Atividades de apoio operacional, como limpeza e organiza\u00e7\u00e3o do ambiente, tamb\u00e9m s\u00e3o parte fundamental da rotina.<\/p>\n<p>O uso de sistemas de controle, como o coletor de dados WMS, pode ser uma demanda relevante para aumentar a produtividade.<\/p>\n<p>Boa aten\u00e7\u00e3o, dinamismo e disposi\u00e7\u00e3o f\u00edsica s\u00e3o importantes para executar as tarefas de forma eficiente nesta fun\u00e7\u00e3o.<\/p>\n<h2>Pontos Positivos do Cargo<\/h2>\n<p>Destaco como um dos maiores benef\u00edcios o pagamento em dia, aliado a um sal\u00e1rio compat\u00edvel e o b\u00f4nus mensal, que juntos trazem motiva\u00e7\u00e3o extra.<\/p>\n<p>A inclus\u00e3o de fretado e refei\u00e7\u00e3o proporciona economia e comodidade para o trabalhador, reduzindo preocupa\u00e7\u00f5es com deslocamento e alimenta\u00e7\u00e3o.<\/p>\n<p>A possibilidade de efetiva\u00e7\u00e3o ap\u00f3s seis meses pode ser decisiva para quem deseja crescer e consolidar uma carreira na \u00e1rea log\u00edstica.<\/p>\n<h2>Pontos de Aten\u00e7\u00e3o<\/h2>\n<p>Embora o contrato seja tempor\u00e1rio inicialmente, existe expectativa de efetiva\u00e7\u00e3o; no entanto, n\u00e3o h\u00e1 garantias, o que pode gerar certa inseguran\u00e7a.<\/p>\n<p>Os hor\u00e1rios podem exigir flexibilidade e disposi\u00e7\u00e3o para trabalhar \u00e0 noite ou em per\u00edodos prolongados, de acordo com a escala de servi\u00e7o.<\/p>\n<p>Por fim, como o trabalho \u00e9 operacional e requer esfor\u00e7o f\u00edsico, \u00e9 importante estar preparado para rotinas que envolvem movimenta\u00e7\u00e3o de carga.<\/p>\n<h2>\ubca0\ub808\ub514\ud1a0 \ud30c\uc774\ub110<\/h2>\n<p>Recomendo essa vaga especialmente para quem busca iniciar ou consolidar carreira em log\u00edstica, com bons benef\u00edcios e chance de efetiva\u00e7\u00e3o.<\/p>\n<p>O ambiente de trabalho com suporte ao colaborador e remunera\u00e7\u00e3o acima da m\u00e9dia do segmento destacam esta oportunidade no mercado.<\/p>\n<div style=\"background: #ffffff; border-radius: 12px; box-shadow: 0 10px 30px rgba(0, 0, 0, 0.1); width: 100%; max-width: 340px; padding: 25px; transition: transform 0.3s ease-in-out; overflow: visible; display: flex; flex-direction: column; position: relative; border: 1px solid #28a745; margin-top: 70px; margin-bottom: 50px; margin-left: auto; margin-right: auto;\">\n<div style=\"position: absolute; top: -35px; right: 15px; color: #28a745; padding: 5px 10px; border-radius: 6px; font-size: 14px; font-weight: bold; display: flex; align-items: center; z-index: 10;\">Recomendado para voc\u00ea<\/div>\n<div data-namespace-header=\"\" style=\"\">\n<h3 data-namespace-title=\"\" style=\"color: #333; font-size: 20px; font-weight: bold; text-align: left; margin-right: 50px; min-height: 50px; margin-top: 0px;\">Auxiliar de Armaz\u00e9m<\/h3>\n<\/p><\/div>\n<p data-namespace-prompt=\"\" style=\"font-size: 16px; color: #666; margin-bottom: 20px; line-height: 1.5; flex-grow: 1; text-align: left; margin-top: 0px;\">Atue em uma empresa est\u00e1vel com sal\u00e1rio fixo acima do mercado, b\u00f4nus, fretado, refei\u00e7\u00e3o local e Totalpass. Contrato tempor\u00e1rio com possibilidade de efetiva\u00e7\u00e3o!<\/p>\n<p>    <a data-namespace-url=\"\" href=\"https:\/\/cloudbyte7.com\/ko\/redirect\/?https:\/\/www.catho.com.br\/vagas\/auxiliar-de-armazem\/33546820\/?utm_campaign=google_jobs_apply&#038;utm_source=google_jobs_apply&#038;utm_medium=organic\" style=\"width: 100%; display: inline-block; color: white; text-decoration: none; border-radius: 6px; font-size: 16px; font-weight: bold; text-align: center; transition: transform 0.3s ease, background 0.3s ease; margin-top: auto;\" data-namespace-id=\"5c0d2565-3ba9-4280-a382-ad2a691e2285\"><br \/>\n        <button style=\"width: 100%; height: 55px; background: #e9e9ed; border: 1px solid black; color: black;\">Candidatar-se \u00e0 vaga<\/button><br \/>\n    <\/a><br \/>\n    <small style=\"margin-top: 10px; color: #777; font-size: 12px; text-align: center; display: block;\">Voc\u00ea ser\u00e1 redirecionado para outro site<\/small>\n<\/div>\n<\/div>","protected":false},"excerpt":{"rendered":"<p>Avalia\u00e7\u00e3o imparcial da vaga de Auxiliar de Armaz\u00e9m. Saiba sobre sal\u00e1rio, bonifica\u00e7\u00f5es, benef\u00edcios e como se destacar para conquistar essa vaga competitiva.<\/p>","protected":false},"author":3,"featured_media":0,"comment_status":"open","ping_status":"open","sticky":false,"template":"","format":"standard","meta":{"footnotes":""},"categories":[15],"tags":[],"yoast_head":"<!-- This site is optimized with the Yoast SEO plugin v23.3 - https:\/\/yoast.com\/wordpress\/plugins\/seo\/ -->\n<title>Auxiliar de Armaz\u00e9m: Sal\u00e1rio Competitivo e Benef\u00edcios Atrativos - Cloud Byte 7<\/title>\n<meta name=\"robots\" content=\"index, follow, max-snippet:-1, max-image-preview:large, max-video-preview:-1\" \/>\n<link rel=\"canonical\" href=\"https:\/\/cloudbyte7.com\/ko\/7af58679-8298-4b45-9a74-94b6bdf13d38\/\" \/>\n<meta property=\"og:locale\" content=\"ko_KR\" \/>\n<meta property=\"og:type\" content=\"article\" \/>\n<meta property=\"og:title\" content=\"Auxiliar de Armaz\u00e9m: Sal\u00e1rio Competitivo e Benef\u00edcios Atrativos - Cloud Byte 7\" \/>\n<meta property=\"og:description\" content=\"Avalia\u00e7\u00e3o imparcial da vaga de Auxiliar de Armaz\u00e9m. Saiba sobre sal\u00e1rio, bonifica\u00e7\u00f5es, benef\u00edcios e como se destacar para conquistar essa vaga competitiva.\" \/>\n<meta property=\"og:url\" content=\"https:\/\/cloudbyte7.com\/ko\/7af58679-8298-4b45-9a74-94b6bdf13d38\/\" \/>\n<meta property=\"og:site_name\" content=\"Cloud Byte 7\" \/>\n<meta property=\"article:published_time\" content=\"2025-12-09T18:57:00+00:00\" \/>\n<meta property=\"article:modified_time\" content=\"2025-12-09T18:57:50+00:00\" \/>\n<meta name=\"author\" content=\"Bruno Gianni\" \/>\n<meta name=\"twitter:card\" content=\"summary_large_image\" \/>\n<meta name=\"twitter:label1\" content=\"Written by\" \/>\n\t<meta name=\"twitter:data1\" content=\"Bruno Gianni\" \/>\n\t<meta name=\"twitter:label2\" content=\"Est. reading time\" \/>\n\t<meta name=\"twitter:data2\" content=\"3\ubd84\" \/>\n<script type=\"application\/ld+json\" class=\"yoast-schema-graph\">{\"@context\":\"https:\/\/schema.org\",\"@graph\":[{\"@type\":\"WebPage\",\"@id\":\"https:\/\/cloudbyte7.com\/7af58679-8298-4b45-9a74-94b6bdf13d38\/\",\"url\":\"https:\/\/cloudbyte7.com\/7af58679-8298-4b45-9a74-94b6bdf13d38\/\",\"name\":\"Auxiliar de Armaz\u00e9m: Sal\u00e1rio Competitivo e Benef\u00edcios Atrativos - Cloud Byte 7\",\"isPartOf\":{\"@id\":\"https:\/\/cloudbyte7.com\/#website\"},\"datePublished\":\"2025-12-09T18:57:00+00:00\",\"dateModified\":\"2025-12-09T18:57:50+00:00\",\"author\":{\"@id\":\"https:\/\/cloudbyte7.com\/#\/schema\/person\/d52888235fd6563bd07d97185d6a61e4\"},\"breadcrumb\":{\"@id\":\"https:\/\/cloudbyte7.com\/7af58679-8298-4b45-9a74-94b6bdf13d38\/#breadcrumb\"},\"inLanguage\":\"ko-KR\",\"potentialAction\":[{\"@type\":\"ReadAction\",\"target\":[\"https:\/\/cloudbyte7.com\/7af58679-8298-4b45-9a74-94b6bdf13d38\/\"]}]},{\"@type\":\"BreadcrumbList\",\"@id\":\"https:\/\/cloudbyte7.com\/7af58679-8298-4b45-9a74-94b6bdf13d38\/#breadcrumb\",\"itemListElement\":[{\"@type\":\"ListItem\",\"position\":1,\"name\":\"Home\",\"item\":\"https:\/\/cloudbyte7.com\/\"},{\"@type\":\"ListItem\",\"position\":2,\"name\":\"Auxiliar de Armaz\u00e9m: Sal\u00e1rio Competitivo e Benef\u00edcios Atrativos\"}]},{\"@type\":\"WebSite\",\"@id\":\"https:\/\/cloudbyte7.com\/#website\",\"url\":\"https:\/\/cloudbyte7.com\/\",\"name\":\"Cloud Byte 7\",\"description\":\"\",\"potentialAction\":[{\"@type\":\"SearchAction\",\"target\":{\"@type\":\"EntryPoint\",\"urlTemplate\":\"https:\/\/cloudbyte7.com\/?s={search_term_string}\"},\"query-input\":\"required name=search_term_string\"}],\"inLanguage\":\"ko-KR\"},{\"@type\":\"Person\",\"@id\":\"https:\/\/cloudbyte7.com\/#\/schema\/person\/d52888235fd6563bd07d97185d6a61e4\",\"name\":\"Bruno Gianni\",\"image\":{\"@type\":\"ImageObject\",\"inLanguage\":\"ko-KR\",\"@id\":\"https:\/\/cloudbyte7.com\/#\/schema\/person\/image\/\",\"url\":\"https:\/\/secure.gravatar.com\/avatar\/0f5d42d7bf77874643c1478932860e3f?s=96&d=mm&r=g\",\"contentUrl\":\"https:\/\/secure.gravatar.com\/avatar\/0f5d42d7bf77874643c1478932860e3f?s=96&d=mm&r=g\",\"caption\":\"Bruno Gianni\"},\"description\":\"Bruno writes the way he lives, with curiosity, care, and respect for people. He likes to observe, listen, and try to understand what is happening on the other side before putting any words on the page.For him, writing is not about impressing, but about getting closer. It is about turning thoughts into something simple, clear, and real. Every text is an ongoing conversation, created with care and honesty, with the sincere intention of touching someone, somewhere along the way.\",\"url\":\"https:\/\/cloudbyte7.com\/ko\/author\/bcgianni\/\"}]}<\/script>\n<!-- \/ Yoast SEO plugin. -->","yoast_head_json":{"title":"Auxiliar de Armaz\u00e9m: Sal\u00e1rio Competitivo e Benef\u00edcios Atrativos - Cloud Byte 7","robots":{"index":"index","follow":"follow","max-snippet":"max-snippet:-1","max-image-preview":"max-image-preview:large","max-video-preview":"max-video-preview:-1"},"canonical":"https:\/\/cloudbyte7.com\/ko\/7af58679-8298-4b45-9a74-94b6bdf13d38\/","og_locale":"ko_KR","og_type":"article","og_title":"Auxiliar de Armaz\u00e9m: Sal\u00e1rio Competitivo e Benef\u00edcios Atrativos - Cloud Byte 7","og_description":"Avalia\u00e7\u00e3o imparcial da vaga de Auxiliar de Armaz\u00e9m. Saiba sobre sal\u00e1rio, bonifica\u00e7\u00f5es, benef\u00edcios e como se destacar para conquistar essa vaga competitiva.","og_url":"https:\/\/cloudbyte7.com\/ko\/7af58679-8298-4b45-9a74-94b6bdf13d38\/","og_site_name":"Cloud Byte 7","article_published_time":"2025-12-09T18:57:00+00:00","article_modified_time":"2025-12-09T18:57:50+00:00","author":"Bruno Gianni","twitter_card":"summary_large_image","twitter_misc":{"Written by":"Bruno Gianni","Est. reading time":"3\ubd84"},"schema":{"@context":"https:\/\/schema.org","@graph":[{"@type":"WebPage","@id":"https:\/\/cloudbyte7.com\/7af58679-8298-4b45-9a74-94b6bdf13d38\/","url":"https:\/\/cloudbyte7.com\/7af58679-8298-4b45-9a74-94b6bdf13d38\/","name":"Auxiliar de Armaz\u00e9m: Sal\u00e1rio Competitivo e Benef\u00edcios Atrativos - Cloud Byte 7","isPartOf":{"@id":"https:\/\/cloudbyte7.com\/#website"},"datePublished":"2025-12-09T18:57:00+00:00","dateModified":"2025-12-09T18:57:50+00:00","author":{"@id":"https:\/\/cloudbyte7.com\/#\/schema\/person\/d52888235fd6563bd07d97185d6a61e4"},"breadcrumb":{"@id":"https:\/\/cloudbyte7.com\/7af58679-8298-4b45-9a74-94b6bdf13d38\/#breadcrumb"},"inLanguage":"ko-KR","potentialAction":[{"@type":"ReadAction","target":["https:\/\/cloudbyte7.com\/7af58679-8298-4b45-9a74-94b6bdf13d38\/"]}]},{"@type":"BreadcrumbList","@id":"https:\/\/cloudbyte7.com\/7af58679-8298-4b45-9a74-94b6bdf13d38\/#breadcrumb","itemListElement":[{"@type":"ListItem","position":1,"name":"Home","item":"https:\/\/cloudbyte7.com\/"},{"@type":"ListItem","position":2,"name":"Auxiliar de Armaz\u00e9m: Sal\u00e1rio Competitivo e Benef\u00edcios Atrativos"}]},{"@type":"WebSite","@id":"https:\/\/cloudbyte7.com\/#website","url":"https:\/\/cloudbyte7.com\/","name":"Cloud Byte 7","description":"","potentialAction":[{"@type":"SearchAction","target":{"@type":"EntryPoint","urlTemplate":"https:\/\/cloudbyte7.com\/?s={search_term_string}"},"query-input":"required name=search_term_string"}],"inLanguage":"ko-KR"},{"@type":"Person","@id":"https:\/\/cloudbyte7.com\/#\/schema\/person\/d52888235fd6563bd07d97185d6a61e4","name":"Bruno Gianni","image":{"@type":"ImageObject","inLanguage":"ko-KR","@id":"https:\/\/cloudbyte7.com\/#\/schema\/person\/image\/","url":"https:\/\/secure.gravatar.com\/avatar\/0f5d42d7bf77874643c1478932860e3f?s=96&d=mm&r=g","contentUrl":"https:\/\/secure.gravatar.com\/avatar\/0f5d42d7bf77874643c1478932860e3f?s=96&d=mm&r=g","caption":"Bruno Gianni"},"description":"Bruno writes the way he lives, with curiosity, care, and respect for people. He likes to observe, listen, and try to understand what is happening on the other side before putting any words on the page.For him, writing is not about impressing, but about getting closer. It is about turning thoughts into something simple, clear, and real. Every text is an ongoing conversation, created with care and honesty, with the sincere intention of touching someone, somewhere along the way.","url":"https:\/\/cloudbyte7.com\/ko\/author\/bcgianni\/"}]}},"_links":{"self":[{"href":"https:\/\/cloudbyte7.com\/ko\/wp-json\/wp\/v2\/posts\/1913"}],"collection":[{"href":"https:\/\/cloudbyte7.com\/ko\/wp-json\/wp\/v2\/posts"}],"about":[{"href":"https:\/\/cloudbyte7.com\/ko\/wp-json\/wp\/v2\/types\/post"}],"author":[{"embeddable":true,"href":"https:\/\/cloudbyte7.com\/ko\/wp-json\/wp\/v2\/users\/3"}],"replies":[{"embeddable":true,"href":"https:\/\/cloudbyte7.com\/ko\/wp-json\/wp\/v2\/comments?post=1913"}],"version-history":[{"count":1,"href":"https:\/\/cloudbyte7.com\/ko\/wp-json\/wp\/v2\/posts\/1913\/revisions"}],"predecessor-version":[{"id":1997,"href":"https:\/\/cloudbyte7.com\/ko\/wp-json\/wp\/v2\/posts\/1913\/revisions\/1997"}],"wp:attachment":[{"href":"https:\/\/cloudbyte7.com\/ko\/wp-json\/wp\/v2\/media?parent=1913"}],"wp:term":[{"taxonomy":"category","embeddable":true,"href":"https:\/\/cloudbyte7.com\/ko\/wp-json\/wp\/v2\/categories?post=1913"},{"taxonomy":"post_tag","embeddable":true,"href":"https:\/\/cloudbyte7.com\/ko\/wp-json\/wp\/v2\/tags?post=1913"}],"curies":[{"name":"wp","href":"https:\/\/api.w.org\/{rel}","templated":true}]}}