{"id":2866,"date":"2025-12-10T11:49:00","date_gmt":"2025-12-10T11:49:00","guid":{"rendered":"https:\/\/cloudbyte7.com\/b6e3c378-a9b0-466d-a1d8-0241d9ddef4b\/"},"modified":"2025-12-10T11:49:34","modified_gmt":"2025-12-10T11:49:34","slug":"b6e3c378-a9b0-466d-a1d8-0241d9ddef4b","status":"publish","type":"post","link":"https:\/\/cloudbyte7.com\/ko\/b6e3c378-a9b0-466d-a1d8-0241d9ddef4b\/","title":{"rendered":"Assistente de Administra\u00e7\u00e3o de Pessoal: Vaga CLT, Rotinas Diversificadas e Oportunidade de Crescimento"},"content":{"rendered":"<div class=\"mx-5 sm:mx-0 prose text-left mb-5\">\n<\/p>\n<div style=\"background: #ffffff; border-radius: 12px; box-shadow: 0 10px 30px rgba(0, 0, 0, 0.1); width: 100%; max-width: 340px; padding: 25px; transition: transform 0.3s ease-in-out; overflow: visible; display: flex; flex-direction: column; position: relative; border: 1px solid #28a745; margin-top: 70px; margin-bottom: 50px; margin-left: auto; margin-right: auto;\">\n<div style=\"position: absolute; top: -35px; right: 15px; color: #28a745; padding: 5px 10px; border-radius: 6px; font-size: 14px; font-weight: bold; display: flex; align-items: center; z-index: 10;\">Recomendado para voc\u00ea<\/div>\n<div data-namespace-header=\"\" style=\"\">\n<h3 data-namespace-title=\"\" style=\"color: #333; font-size: 20px; font-weight: bold; text-align: left; margin-right: 50px; min-height: 50px; margin-top: 0px;\">Assistente de Administra\u00e7\u00e3o de Pessoal<\/h3>\n<\/p><\/div>\n<p data-namespace-prompt=\"\" style=\"font-size: 16px; color: #666; margin-bottom: 20px; line-height: 1.5; flex-grow: 1; text-align: left; margin-top: 0px;\">Vaga CLT para Assistente de Administra\u00e7\u00e3o de Pessoal: sal\u00e1rio compat\u00edvel ao mercado, rotina diversificada em folha de pagamento, admiss\u00f5es e demiss\u00f5es. Requisitos claros e oportunidade real de crescimento.<\/p>\n<p>    <a data-namespace-url=\"\" href=\"https:\/\/cloudbyte7.com\/ko\/redirect\/?https:\/\/www.trabalhabrasil.com.br\/vagas-empregos-em-manaus-am\/assistente-administrativo\/4340553?utm_campaign=google_jobs_apply&#038;utm_source=google_jobs_apply&#038;utm_medium=organic\" style=\"width: 100%; display: inline-block; color: white; text-decoration: none; border-radius: 6px; font-size: 16px; font-weight: bold; text-align: center; transition: transform 0.3s ease, background 0.3s ease; margin-top: auto;\" data-namespace-id=\"5c0d2565-3ba9-4280-a382-ad2a691e2285\"><br \/>\n        <button style=\"width: 100%; height: 55px; background: #e9e9ed; border: 1px solid black; color: black;\">Candidatar-se \u00e0 vaga<\/button><br \/>\n    <\/a><br \/>\n    <small style=\"margin-top: 10px; color: #777; font-size: 12px; text-align: center; display: block;\">Voc\u00ea ser\u00e1 redirecionado para outro site<\/small>\n<\/div>\n<p>Esta vaga para Assistente de Administra\u00e7\u00e3o de Pessoal destaca-se por ser CLT, com remunera\u00e7\u00e3o compat\u00edvel ao mercado e garantia de benef\u00edcios como VT e VR por lei. Entre os requisitos, espera-se ensino m\u00e9dio completo, conhecimentos em inform\u00e1tica, boa comunica\u00e7\u00e3o e disponibilidade de hor\u00e1rio, al\u00e9m de ser diferencial possuir CNH categoria B.<\/p>\n<p>O assistente ir\u00e1 atuar diariamente na rotina de departamento pessoal, principalmente lidando com folha de pagamento, controle de VT, VR, EPIs, c\u00e1lculos rescis\u00f3rios, admiss\u00f5es, demiss\u00f5es e homologa\u00e7\u00f5es sindicais. Recursos como o sistema Protheus\/Totvs s\u00e3o utilizados, al\u00e9m da necessidade de atendimento ao cliente e boa rela\u00e7\u00e3o interpessoal.<\/p>\n<h3>Resumo das Atividades e Rotina<\/h3>\n<p>O dia a dia inclui calcular horas extras, controlar faltas, emitir documentos, atualizar cadastros e cooperar nos processos admissionais e demissionais. Tamb\u00e9m envolve lidar com quest\u00f5es legais, como FGTS e INSS, o que exige aten\u00e7\u00e3o e conhecimentos em legisla\u00e7\u00e3o trabalhista. O relacionamento com funcion\u00e1rios e sindicato faz parte da rotina.<\/p>\n<h3>Vantagens e Pontos Positivos<\/h3>\n<p>Entre os pontos fortes, esta vaga oferece estabilidade CLT, benef\u00edcios garantidos e possibilidade de crescimento. A atua\u00e7\u00e3o proporciona experi\u00eancia pr\u00e1tica em diversos aspectos do departamento pessoal e expande a rede de contatos. O contato direto com diferentes setores permite desenvolver habilidades.<\/p>\n<h3>Pontos de Aten\u00e7\u00e3o<\/h3>\n<p>Como em qualquer fun\u00e7\u00e3o administrativa, \u00e9 necess\u00e1rio disposi\u00e7\u00e3o para lidar com alta demanda, prazos apertados e acompanhamento de normas. O perfil deve ser organizado, flex\u00edvel e capaz de trabalhar sob press\u00e3o sem perder a cordialidade no atendimento.<\/p>\n<h3>\ubca0\ub808\ub514\ud1a0 \ud30c\uc774\ub110<\/h3>\n<p>Se voc\u00ea est\u00e1 em busca de uma oportunidade s\u00f3lida, com rotina din\u00e2mica, aprendizado garantido e boas chances de avan\u00e7o profissional, essa vaga de Assistente de Administra\u00e7\u00e3o de Pessoal \u00e9 recomendada. Analise os requisitos e inscreva-se para dar um novo passo na carreira.<\/p>\n<div style=\"background: #ffffff; border-radius: 12px; box-shadow: 0 10px 30px rgba(0, 0, 0, 0.1); width: 100%; max-width: 340px; padding: 25px; transition: transform 0.3s ease-in-out; overflow: visible; display: flex; flex-direction: column; position: relative; border: 1px solid #28a745; margin-top: 70px; margin-bottom: 50px; margin-left: auto; margin-right: auto;\">\n<div style=\"position: absolute; top: -35px; right: 15px; color: #28a745; padding: 5px 10px; border-radius: 6px; font-size: 14px; font-weight: bold; display: flex; align-items: center; z-index: 10;\">Recomendado para voc\u00ea<\/div>\n<div data-namespace-header=\"\" style=\"\">\n<h3 data-namespace-title=\"\" style=\"color: #333; font-size: 20px; font-weight: bold; text-align: left; margin-right: 50px; min-height: 50px; margin-top: 0px;\">Assistente de Administra\u00e7\u00e3o de Pessoal<\/h3>\n<\/p><\/div>\n<p data-namespace-prompt=\"\" style=\"font-size: 16px; color: #666; margin-bottom: 20px; line-height: 1.5; flex-grow: 1; text-align: left; margin-top: 0px;\">Vaga CLT para Assistente de Administra\u00e7\u00e3o de Pessoal: sal\u00e1rio compat\u00edvel ao mercado, rotina diversificada em folha de pagamento, admiss\u00f5es e demiss\u00f5es. Requisitos claros e oportunidade real de crescimento.<\/p>\n<p>    <a data-namespace-url=\"\" href=\"https:\/\/cloudbyte7.com\/ko\/redirect\/?https:\/\/www.trabalhabrasil.com.br\/vagas-empregos-em-manaus-am\/assistente-administrativo\/4340553?utm_campaign=google_jobs_apply&#038;utm_source=google_jobs_apply&#038;utm_medium=organic\" style=\"width: 100%; display: inline-block; color: white; text-decoration: none; border-radius: 6px; font-size: 16px; font-weight: bold; text-align: center; transition: transform 0.3s ease, background 0.3s ease; margin-top: auto;\" data-namespace-id=\"5c0d2565-3ba9-4280-a382-ad2a691e2285\"><br \/>\n        <button style=\"width: 100%; height: 55px; background: #e9e9ed; border: 1px solid black; color: black;\">Candidatar-se \u00e0 vaga<\/button><br \/>\n    <\/a><br \/>\n    <small style=\"margin-top: 10px; color: #777; font-size: 12px; text-align: center; display: block;\">Voc\u00ea ser\u00e1 redirecionado para outro site<\/small>\n<\/div>\n<\/div>","protected":false},"excerpt":{"rendered":"<p>Vaga aberta para Assistente de Administra\u00e7\u00e3o de Pessoal! Sal\u00e1rio compat\u00edvel, benef\u00edcios, rotina variada, requisitos claros e oportunidade de crescimento na carreira. Inscreva-se agora mesmo.<\/p>","protected":false},"author":3,"featured_media":0,"comment_status":"open","ping_status":"open","sticky":false,"template":"","format":"standard","meta":{"footnotes":""},"categories":[15],"tags":[],"yoast_head":"<!-- This site is optimized with the Yoast SEO plugin v23.3 - https:\/\/yoast.com\/wordpress\/plugins\/seo\/ -->\n<title>Assistente de Administra\u00e7\u00e3o de Pessoal: Vaga CLT, Rotinas Diversificadas e Oportunidade de Crescimento - Cloud Byte 7<\/title>\n<meta name=\"robots\" content=\"index, follow, max-snippet:-1, max-image-preview:large, max-video-preview:-1\" \/>\n<link rel=\"canonical\" href=\"https:\/\/cloudbyte7.com\/ko\/b6e3c378-a9b0-466d-a1d8-0241d9ddef4b\/\" \/>\n<meta property=\"og:locale\" content=\"ko_KR\" \/>\n<meta property=\"og:type\" content=\"article\" \/>\n<meta property=\"og:title\" content=\"Assistente de Administra\u00e7\u00e3o de Pessoal: Vaga CLT, Rotinas Diversificadas e Oportunidade de Crescimento - Cloud Byte 7\" \/>\n<meta property=\"og:description\" content=\"Vaga aberta para Assistente de Administra\u00e7\u00e3o de Pessoal! Sal\u00e1rio compat\u00edvel, benef\u00edcios, rotina variada, requisitos claros e oportunidade de crescimento na carreira. Inscreva-se agora mesmo.\" \/>\n<meta property=\"og:url\" content=\"https:\/\/cloudbyte7.com\/ko\/b6e3c378-a9b0-466d-a1d8-0241d9ddef4b\/\" \/>\n<meta property=\"og:site_name\" content=\"Cloud Byte 7\" \/>\n<meta property=\"article:published_time\" content=\"2025-12-10T11:49:00+00:00\" \/>\n<meta property=\"article:modified_time\" content=\"2025-12-10T11:49:34+00:00\" \/>\n<meta name=\"author\" content=\"Bruno Gianni\" \/>\n<meta name=\"twitter:card\" content=\"summary_large_image\" \/>\n<meta name=\"twitter:label1\" content=\"Written by\" \/>\n\t<meta name=\"twitter:data1\" content=\"Bruno Gianni\" \/>\n\t<meta name=\"twitter:label2\" content=\"Est. reading time\" \/>\n\t<meta name=\"twitter:data2\" content=\"2\ubd84\" \/>\n<script type=\"application\/ld+json\" class=\"yoast-schema-graph\">{\"@context\":\"https:\/\/schema.org\",\"@graph\":[{\"@type\":\"WebPage\",\"@id\":\"https:\/\/cloudbyte7.com\/b6e3c378-a9b0-466d-a1d8-0241d9ddef4b\/\",\"url\":\"https:\/\/cloudbyte7.com\/b6e3c378-a9b0-466d-a1d8-0241d9ddef4b\/\",\"name\":\"Assistente de Administra\u00e7\u00e3o de Pessoal: Vaga CLT, Rotinas Diversificadas e Oportunidade de Crescimento - Cloud Byte 7\",\"isPartOf\":{\"@id\":\"https:\/\/cloudbyte7.com\/#website\"},\"datePublished\":\"2025-12-10T11:49:00+00:00\",\"dateModified\":\"2025-12-10T11:49:34+00:00\",\"author\":{\"@id\":\"https:\/\/cloudbyte7.com\/#\/schema\/person\/d52888235fd6563bd07d97185d6a61e4\"},\"breadcrumb\":{\"@id\":\"https:\/\/cloudbyte7.com\/b6e3c378-a9b0-466d-a1d8-0241d9ddef4b\/#breadcrumb\"},\"inLanguage\":\"ko-KR\",\"potentialAction\":[{\"@type\":\"ReadAction\",\"target\":[\"https:\/\/cloudbyte7.com\/b6e3c378-a9b0-466d-a1d8-0241d9ddef4b\/\"]}]},{\"@type\":\"BreadcrumbList\",\"@id\":\"https:\/\/cloudbyte7.com\/b6e3c378-a9b0-466d-a1d8-0241d9ddef4b\/#breadcrumb\",\"itemListElement\":[{\"@type\":\"ListItem\",\"position\":1,\"name\":\"Home\",\"item\":\"https:\/\/cloudbyte7.com\/\"},{\"@type\":\"ListItem\",\"position\":2,\"name\":\"Assistente de Administra\u00e7\u00e3o de Pessoal: Vaga CLT, Rotinas Diversificadas e Oportunidade de Crescimento\"}]},{\"@type\":\"WebSite\",\"@id\":\"https:\/\/cloudbyte7.com\/#website\",\"url\":\"https:\/\/cloudbyte7.com\/\",\"name\":\"Cloud Byte 7\",\"description\":\"\",\"potentialAction\":[{\"@type\":\"SearchAction\",\"target\":{\"@type\":\"EntryPoint\",\"urlTemplate\":\"https:\/\/cloudbyte7.com\/?s={search_term_string}\"},\"query-input\":\"required name=search_term_string\"}],\"inLanguage\":\"ko-KR\"},{\"@type\":\"Person\",\"@id\":\"https:\/\/cloudbyte7.com\/#\/schema\/person\/d52888235fd6563bd07d97185d6a61e4\",\"name\":\"Bruno Gianni\",\"image\":{\"@type\":\"ImageObject\",\"inLanguage\":\"ko-KR\",\"@id\":\"https:\/\/cloudbyte7.com\/#\/schema\/person\/image\/\",\"url\":\"https:\/\/secure.gravatar.com\/avatar\/0f5d42d7bf77874643c1478932860e3f?s=96&d=mm&r=g\",\"contentUrl\":\"https:\/\/secure.gravatar.com\/avatar\/0f5d42d7bf77874643c1478932860e3f?s=96&d=mm&r=g\",\"caption\":\"Bruno Gianni\"},\"description\":\"Bruno writes the way he lives, with curiosity, care, and respect for people. He likes to observe, listen, and try to understand what is happening on the other side before putting any words on the page.For him, writing is not about impressing, but about getting closer. It is about turning thoughts into something simple, clear, and real. Every text is an ongoing conversation, created with care and honesty, with the sincere intention of touching someone, somewhere along the way.\",\"url\":\"https:\/\/cloudbyte7.com\/ko\/author\/bcgianni\/\"}]}<\/script>\n<!-- \/ Yoast SEO plugin. -->","yoast_head_json":{"title":"Assistente de Administra\u00e7\u00e3o de Pessoal: Vaga CLT, Rotinas Diversificadas e Oportunidade de Crescimento - Cloud Byte 7","robots":{"index":"index","follow":"follow","max-snippet":"max-snippet:-1","max-image-preview":"max-image-preview:large","max-video-preview":"max-video-preview:-1"},"canonical":"https:\/\/cloudbyte7.com\/ko\/b6e3c378-a9b0-466d-a1d8-0241d9ddef4b\/","og_locale":"ko_KR","og_type":"article","og_title":"Assistente de Administra\u00e7\u00e3o de Pessoal: Vaga CLT, Rotinas Diversificadas e Oportunidade de Crescimento - Cloud Byte 7","og_description":"Vaga aberta para Assistente de Administra\u00e7\u00e3o de Pessoal! Sal\u00e1rio compat\u00edvel, benef\u00edcios, rotina variada, requisitos claros e oportunidade de crescimento na carreira. Inscreva-se agora mesmo.","og_url":"https:\/\/cloudbyte7.com\/ko\/b6e3c378-a9b0-466d-a1d8-0241d9ddef4b\/","og_site_name":"Cloud Byte 7","article_published_time":"2025-12-10T11:49:00+00:00","article_modified_time":"2025-12-10T11:49:34+00:00","author":"Bruno Gianni","twitter_card":"summary_large_image","twitter_misc":{"Written by":"Bruno Gianni","Est. reading time":"2\ubd84"},"schema":{"@context":"https:\/\/schema.org","@graph":[{"@type":"WebPage","@id":"https:\/\/cloudbyte7.com\/b6e3c378-a9b0-466d-a1d8-0241d9ddef4b\/","url":"https:\/\/cloudbyte7.com\/b6e3c378-a9b0-466d-a1d8-0241d9ddef4b\/","name":"Assistente de Administra\u00e7\u00e3o de Pessoal: Vaga CLT, Rotinas Diversificadas e Oportunidade de Crescimento - Cloud Byte 7","isPartOf":{"@id":"https:\/\/cloudbyte7.com\/#website"},"datePublished":"2025-12-10T11:49:00+00:00","dateModified":"2025-12-10T11:49:34+00:00","author":{"@id":"https:\/\/cloudbyte7.com\/#\/schema\/person\/d52888235fd6563bd07d97185d6a61e4"},"breadcrumb":{"@id":"https:\/\/cloudbyte7.com\/b6e3c378-a9b0-466d-a1d8-0241d9ddef4b\/#breadcrumb"},"inLanguage":"ko-KR","potentialAction":[{"@type":"ReadAction","target":["https:\/\/cloudbyte7.com\/b6e3c378-a9b0-466d-a1d8-0241d9ddef4b\/"]}]},{"@type":"BreadcrumbList","@id":"https:\/\/cloudbyte7.com\/b6e3c378-a9b0-466d-a1d8-0241d9ddef4b\/#breadcrumb","itemListElement":[{"@type":"ListItem","position":1,"name":"Home","item":"https:\/\/cloudbyte7.com\/"},{"@type":"ListItem","position":2,"name":"Assistente de Administra\u00e7\u00e3o de Pessoal: Vaga CLT, Rotinas Diversificadas e Oportunidade de Crescimento"}]},{"@type":"WebSite","@id":"https:\/\/cloudbyte7.com\/#website","url":"https:\/\/cloudbyte7.com\/","name":"Cloud Byte 7","description":"","potentialAction":[{"@type":"SearchAction","target":{"@type":"EntryPoint","urlTemplate":"https:\/\/cloudbyte7.com\/?s={search_term_string}"},"query-input":"required name=search_term_string"}],"inLanguage":"ko-KR"},{"@type":"Person","@id":"https:\/\/cloudbyte7.com\/#\/schema\/person\/d52888235fd6563bd07d97185d6a61e4","name":"Bruno Gianni","image":{"@type":"ImageObject","inLanguage":"ko-KR","@id":"https:\/\/cloudbyte7.com\/#\/schema\/person\/image\/","url":"https:\/\/secure.gravatar.com\/avatar\/0f5d42d7bf77874643c1478932860e3f?s=96&d=mm&r=g","contentUrl":"https:\/\/secure.gravatar.com\/avatar\/0f5d42d7bf77874643c1478932860e3f?s=96&d=mm&r=g","caption":"Bruno Gianni"},"description":"Bruno writes the way he lives, with curiosity, care, and respect for people. He likes to observe, listen, and try to understand what is happening on the other side before putting any words on the page.For him, writing is not about impressing, but about getting closer. It is about turning thoughts into something simple, clear, and real. Every text is an ongoing conversation, created with care and honesty, with the sincere intention of touching someone, somewhere along the way.","url":"https:\/\/cloudbyte7.com\/ko\/author\/bcgianni\/"}]}},"_links":{"self":[{"href":"https:\/\/cloudbyte7.com\/ko\/wp-json\/wp\/v2\/posts\/2866"}],"collection":[{"href":"https:\/\/cloudbyte7.com\/ko\/wp-json\/wp\/v2\/posts"}],"about":[{"href":"https:\/\/cloudbyte7.com\/ko\/wp-json\/wp\/v2\/types\/post"}],"author":[{"embeddable":true,"href":"https:\/\/cloudbyte7.com\/ko\/wp-json\/wp\/v2\/users\/3"}],"replies":[{"embeddable":true,"href":"https:\/\/cloudbyte7.com\/ko\/wp-json\/wp\/v2\/comments?post=2866"}],"version-history":[{"count":1,"href":"https:\/\/cloudbyte7.com\/ko\/wp-json\/wp\/v2\/posts\/2866\/revisions"}],"predecessor-version":[{"id":2873,"href":"https:\/\/cloudbyte7.com\/ko\/wp-json\/wp\/v2\/posts\/2866\/revisions\/2873"}],"wp:attachment":[{"href":"https:\/\/cloudbyte7.com\/ko\/wp-json\/wp\/v2\/media?parent=2866"}],"wp:term":[{"taxonomy":"category","embeddable":true,"href":"https:\/\/cloudbyte7.com\/ko\/wp-json\/wp\/v2\/categories?post=2866"},{"taxonomy":"post_tag","embeddable":true,"href":"https:\/\/cloudbyte7.com\/ko\/wp-json\/wp\/v2\/tags?post=2866"}],"curies":[{"name":"wp","href":"https:\/\/api.w.org\/{rel}","templated":true}]}}