{"id":2719,"date":"2025-12-10T10:46:00","date_gmt":"2025-12-10T10:46:00","guid":{"rendered":"https:\/\/cloudbyte7.com\/49daccdf-980c-43ab-b7e2-bfb5c154ce6b\/"},"modified":"2025-12-10T10:46:56","modified_gmt":"2025-12-10T10:46:56","slug":"49daccdf-980c-43ab-b7e2-bfb5c154ce6b","status":"publish","type":"post","link":"https:\/\/cloudbyte7.com\/pt\/49daccdf-980c-43ab-b7e2-bfb5c154ce6b\/","title":{"rendered":"Atendente de Balc\u00e3o de Caf\u00e9: Benef\u00edcios, Crescimento e Ambiente Acolhedor"},"content":{"rendered":"<div class=\"mx-5 sm:mx-0 prose text-left mb-5\">\n<\/p>\n<div style=\"background: #ffffff; border-radius: 12px; box-shadow: 0 10px 30px rgba(0, 0, 0, 0.1); width: 100%; max-width: 340px; padding: 25px; transition: transform 0.3s ease-in-out; overflow: visible; display: flex; flex-direction: column; position: relative; border: 1px solid #28a745; margin-top: 70px; margin-bottom: 50px; margin-left: auto; margin-right: auto;\">\n<div style=\"position: absolute; top: -35px; right: 15px; color: #28a745; padding: 5px 10px; border-radius: 6px; font-size: 14px; font-weight: bold; display: flex; align-items: center; z-index: 10;\">Recomendado para voc\u00ea<\/div>\n<div data-namespace-header=\"\" style=\"\">\n<h3 data-namespace-title=\"\" style=\"color: #333; font-size: 20px; font-weight: bold; text-align: left; margin-right: 50px; min-height: 50px; margin-top: 0px;\">Atendente de Balc\u00e3o de Caf\u00e9<\/h3>\n<\/p><\/div>\n<p data-namespace-prompt=\"\" style=\"font-size: 16px; color: #666; margin-bottom: 20px; line-height: 1.5; flex-grow: 1; text-align: left; margin-top: 0px;\">Oportunidade tempor\u00e1ria para quem deseja ingressar no segmento aliment\u00edcio, com benef\u00edcios como VR, VT, plano de sa\u00fade e crescimento profissional. Experi\u00eancia n\u00e3o exigida.<\/p>\n<p>    <a data-namespace-url=\"\" href=\"https:\/\/cloudbyte7.com\/pt\/redirect\/?https:\/\/www.catho.com.br\/vagas\/atendente-de-balcao-de-cafe\/34417982\/?utm_campaign=google_jobs_apply&#038;utm_source=google_jobs_apply&#038;utm_medium=organic\" style=\"width: 100%; display: inline-block; color: white; text-decoration: none; border-radius: 6px; font-size: 16px; font-weight: bold; text-align: center; transition: transform 0.3s ease, background 0.3s ease; margin-top: auto;\" data-namespace-id=\"5c0d2565-3ba9-4280-a382-ad2a691e2285\"><br \/>\n        <button style=\"width: 100%; height: 55px; background: #e9e9ed; border: 1px solid black; color: black;\">Candidatar-se \u00e0 vaga<\/button><br \/>\n    <\/a><br \/>\n    <small style=\"margin-top: 10px; color: #777; font-size: 12px; text-align: center; display: block;\">Voc\u00ea ser\u00e1 redirecionado para outro site<\/small>\n<\/div>\n<p>Se voc\u00ea procura uma oportunidade din\u00e2mica em uma empresa consolidada no setor aliment\u00edcio, essa sele\u00e7\u00e3o para Atendente de Balc\u00e3o de Caf\u00e9 oferece uma chance interessante de ingressar em um ambiente positivo, mesmo sem experi\u00eancia pr\u00e9via. O cargo \u00e9 tempor\u00e1rio, por\u00e9m preza pela contrata\u00e7\u00e3o formal e inclui benef\u00edcios vantajosos como VR\/VA, VT, plano de sa\u00fade, plano odontol\u00f3gico, seguro de vida e b\u00f4nus mediante metas atingidas. O hor\u00e1rio \u00e9 integral e o ambiente busca acolher e oportunizar crescimento, valorizando a aprendizagem cont\u00ednua.<\/p>\n<h3>O que se faz no dia a dia?<\/h3>\n<p>O atendimento ao cliente \u00e9 o foco principal, garantindo que todos sejam recepcionados com simpatia e efici\u00eancia.<\/p>\n<p>Al\u00e9m disso, voc\u00ea ser\u00e1 respons\u00e1vel por apresentar os produtos da loja de forma irresist\u00edvel e organizada.<\/p>\n<p>A limpeza e a organiza\u00e7\u00e3o do ambiente de trabalho tamb\u00e9m fazem parte da rotina di\u00e1ria.<\/p>\n<p>Ser\u00e1 importante manter o local de preparo sempre impec\u00e1vel para garantir a qualidade do servi\u00e7o.<\/p>\n<p>N\u00e3o \u00e9 necess\u00e1rio ter experi\u00eancia, mas \u00e9 fundamental possuir ensino m\u00e9dio completo e boa comunica\u00e7\u00e3o.<\/p>\n<h3>Principais vantagens<\/h3>\n<p>Entre os atrativos do cargo, destaca-se o ambiente acolhedor, ideal para quem busca experi\u00eancia e desenvolvimento.<\/p>\n<p>Os benef\u00edcios s\u00e3o competitivos, contemplando n\u00e3o s\u00f3 aux\u00edlio alimenta\u00e7\u00e3o e transporte, mas tamb\u00e9m sa\u00fade e bem-estar.<\/p>\n<p>Um b\u00f4nus mensal por atingimento de metas incentiva a proatividade e o desempenho dos colaboradores.<\/p>\n<h3>Pontos de aten\u00e7\u00e3o<\/h3>\n<p>A vaga exige disponibilidade para atuar em fins de semana, feriados e hor\u00e1rios de shopping, o que pode n\u00e3o agradar a todos.<\/p>\n<p>Como \u00e9 uma oportunidade tempor\u00e1ria, n\u00e3o h\u00e1 garantia de continuidade ap\u00f3s o per\u00edodo inicial, o que pode ser um desafio para quem busca estabilidade.<\/p>\n<h3>Veredito final<\/h3>\n<p>A vaga de Atendente de Balc\u00e3o de Caf\u00e9 se destaca por ser acess\u00edvel a iniciantes, gra\u00e7as \u00e0 aus\u00eancia de exig\u00eancia de experi\u00eancia.<\/p>\n<p>Os benef\u00edcios oferecidos, somados a um ambiente favor\u00e1vel ao aprendizado, fazem da posi\u00e7\u00e3o um bom ponto de partida para quem deseja crescer no setor de alimenta\u00e7\u00e3o.<\/p>\n<div style=\"background: #ffffff; border-radius: 12px; box-shadow: 0 10px 30px rgba(0, 0, 0, 0.1); width: 100%; max-width: 340px; padding: 25px; transition: transform 0.3s ease-in-out; overflow: visible; display: flex; flex-direction: column; position: relative; border: 1px solid #28a745; margin-top: 70px; margin-bottom: 50px; margin-left: auto; margin-right: auto;\">\n<div style=\"position: absolute; top: -35px; right: 15px; color: #28a745; padding: 5px 10px; border-radius: 6px; font-size: 14px; font-weight: bold; display: flex; align-items: center; z-index: 10;\">Recomendado para voc\u00ea<\/div>\n<div data-namespace-header=\"\" style=\"\">\n<h3 data-namespace-title=\"\" style=\"color: #333; font-size: 20px; font-weight: bold; text-align: left; margin-right: 50px; min-height: 50px; margin-top: 0px;\">Atendente de Balc\u00e3o de Caf\u00e9<\/h3>\n<\/p><\/div>\n<p data-namespace-prompt=\"\" style=\"font-size: 16px; color: #666; margin-bottom: 20px; line-height: 1.5; flex-grow: 1; text-align: left; margin-top: 0px;\">Oportunidade tempor\u00e1ria para quem deseja ingressar no segmento aliment\u00edcio, com benef\u00edcios como VR, VT, plano de sa\u00fade e crescimento profissional. Experi\u00eancia n\u00e3o exigida.<\/p>\n<p>    <a data-namespace-url=\"\" href=\"https:\/\/cloudbyte7.com\/pt\/redirect\/?https:\/\/www.catho.com.br\/vagas\/atendente-de-balcao-de-cafe\/34417982\/?utm_campaign=google_jobs_apply&#038;utm_source=google_jobs_apply&#038;utm_medium=organic\" style=\"width: 100%; display: inline-block; color: white; text-decoration: none; border-radius: 6px; font-size: 16px; font-weight: bold; text-align: center; transition: transform 0.3s ease, background 0.3s ease; margin-top: auto;\" data-namespace-id=\"5c0d2565-3ba9-4280-a382-ad2a691e2285\"><br \/>\n        <button style=\"width: 100%; height: 55px; background: #e9e9ed; border: 1px solid black; color: black;\">Candidatar-se \u00e0 vaga<\/button><br \/>\n    <\/a><br \/>\n    <small style=\"margin-top: 10px; color: #777; font-size: 12px; text-align: center; display: block;\">Voc\u00ea ser\u00e1 redirecionado para outro site<\/small>\n<\/div>\n<\/div>","protected":false},"excerpt":{"rendered":"<p>Veja a an\u00e1lise imparcial da vaga tempor\u00e1ria para Atendente de Balc\u00e3o de Caf\u00e9. Descubra benef\u00edcios, desafios e o que esperar do ambiente de trabalho nesta fun\u00e7\u00e3o!<\/p>","protected":false},"author":3,"featured_media":0,"comment_status":"open","ping_status":"open","sticky":false,"template":"","format":"standard","meta":{"footnotes":""},"categories":[15],"tags":[],"yoast_head":"<!-- This site is optimized with the Yoast SEO plugin v23.3 - https:\/\/yoast.com\/wordpress\/plugins\/seo\/ -->\n<title>Atendente de Balc\u00e3o de Caf\u00e9: Benef\u00edcios, Crescimento e Ambiente Acolhedor - Cloud Byte 7<\/title>\n<meta name=\"robots\" content=\"index, follow, max-snippet:-1, max-image-preview:large, max-video-preview:-1\" \/>\n<link rel=\"canonical\" href=\"https:\/\/cloudbyte7.com\/pt\/49daccdf-980c-43ab-b7e2-bfb5c154ce6b\/\" \/>\n<meta property=\"og:locale\" content=\"pt_BR\" \/>\n<meta property=\"og:type\" content=\"article\" \/>\n<meta property=\"og:title\" content=\"Atendente de Balc\u00e3o de Caf\u00e9: Benef\u00edcios, Crescimento e Ambiente Acolhedor - Cloud Byte 7\" \/>\n<meta property=\"og:description\" content=\"Veja a an\u00e1lise imparcial da vaga tempor\u00e1ria para Atendente de Balc\u00e3o de Caf\u00e9. Descubra benef\u00edcios, desafios e o que esperar do ambiente de trabalho nesta fun\u00e7\u00e3o!\" \/>\n<meta property=\"og:url\" content=\"https:\/\/cloudbyte7.com\/pt\/49daccdf-980c-43ab-b7e2-bfb5c154ce6b\/\" \/>\n<meta property=\"og:site_name\" content=\"Cloud Byte 7\" \/>\n<meta property=\"article:published_time\" content=\"2025-12-10T10:46:00+00:00\" \/>\n<meta property=\"article:modified_time\" content=\"2025-12-10T10:46:56+00:00\" \/>\n<meta name=\"author\" content=\"Bruno Gianni\" \/>\n<meta name=\"twitter:card\" content=\"summary_large_image\" \/>\n<meta name=\"twitter:label1\" content=\"Written by\" \/>\n\t<meta name=\"twitter:data1\" content=\"Bruno Gianni\" \/>\n\t<meta name=\"twitter:label2\" content=\"Est. reading time\" \/>\n\t<meta name=\"twitter:data2\" content=\"2 minutos\" \/>\n<script type=\"application\/ld+json\" class=\"yoast-schema-graph\">{\"@context\":\"https:\/\/schema.org\",\"@graph\":[{\"@type\":\"WebPage\",\"@id\":\"https:\/\/cloudbyte7.com\/49daccdf-980c-43ab-b7e2-bfb5c154ce6b\/\",\"url\":\"https:\/\/cloudbyte7.com\/49daccdf-980c-43ab-b7e2-bfb5c154ce6b\/\",\"name\":\"Atendente de Balc\u00e3o de Caf\u00e9: Benef\u00edcios, Crescimento e Ambiente Acolhedor - Cloud Byte 7\",\"isPartOf\":{\"@id\":\"https:\/\/cloudbyte7.com\/#website\"},\"datePublished\":\"2025-12-10T10:46:00+00:00\",\"dateModified\":\"2025-12-10T10:46:56+00:00\",\"author\":{\"@id\":\"https:\/\/cloudbyte7.com\/#\/schema\/person\/d52888235fd6563bd07d97185d6a61e4\"},\"breadcrumb\":{\"@id\":\"https:\/\/cloudbyte7.com\/49daccdf-980c-43ab-b7e2-bfb5c154ce6b\/#breadcrumb\"},\"inLanguage\":\"pt-BR\",\"potentialAction\":[{\"@type\":\"ReadAction\",\"target\":[\"https:\/\/cloudbyte7.com\/49daccdf-980c-43ab-b7e2-bfb5c154ce6b\/\"]}]},{\"@type\":\"BreadcrumbList\",\"@id\":\"https:\/\/cloudbyte7.com\/49daccdf-980c-43ab-b7e2-bfb5c154ce6b\/#breadcrumb\",\"itemListElement\":[{\"@type\":\"ListItem\",\"position\":1,\"name\":\"Home\",\"item\":\"https:\/\/cloudbyte7.com\/\"},{\"@type\":\"ListItem\",\"position\":2,\"name\":\"Atendente de Balc\u00e3o de Caf\u00e9: Benef\u00edcios, Crescimento e Ambiente Acolhedor\"}]},{\"@type\":\"WebSite\",\"@id\":\"https:\/\/cloudbyte7.com\/#website\",\"url\":\"https:\/\/cloudbyte7.com\/\",\"name\":\"Cloud Byte 7\",\"description\":\"\",\"potentialAction\":[{\"@type\":\"SearchAction\",\"target\":{\"@type\":\"EntryPoint\",\"urlTemplate\":\"https:\/\/cloudbyte7.com\/?s={search_term_string}\"},\"query-input\":\"required name=search_term_string\"}],\"inLanguage\":\"pt-BR\"},{\"@type\":\"Person\",\"@id\":\"https:\/\/cloudbyte7.com\/#\/schema\/person\/d52888235fd6563bd07d97185d6a61e4\",\"name\":\"Bruno Gianni\",\"image\":{\"@type\":\"ImageObject\",\"inLanguage\":\"pt-BR\",\"@id\":\"https:\/\/cloudbyte7.com\/#\/schema\/person\/image\/\",\"url\":\"https:\/\/secure.gravatar.com\/avatar\/0f5d42d7bf77874643c1478932860e3f?s=96&d=mm&r=g\",\"contentUrl\":\"https:\/\/secure.gravatar.com\/avatar\/0f5d42d7bf77874643c1478932860e3f?s=96&d=mm&r=g\",\"caption\":\"Bruno Gianni\"},\"description\":\"Bruno writes the way he lives, with curiosity, care, and respect for people. He likes to observe, listen, and try to understand what is happening on the other side before putting any words on the page.For him, writing is not about impressing, but about getting closer. It is about turning thoughts into something simple, clear, and real. Every text is an ongoing conversation, created with care and honesty, with the sincere intention of touching someone, somewhere along the way.\",\"url\":\"https:\/\/cloudbyte7.com\/pt\/author\/bcgianni\/\"}]}<\/script>\n<!-- \/ Yoast SEO plugin. -->","yoast_head_json":{"title":"Atendente de Balc\u00e3o de Caf\u00e9: Benef\u00edcios, Crescimento e Ambiente Acolhedor - Cloud Byte 7","robots":{"index":"index","follow":"follow","max-snippet":"max-snippet:-1","max-image-preview":"max-image-preview:large","max-video-preview":"max-video-preview:-1"},"canonical":"https:\/\/cloudbyte7.com\/pt\/49daccdf-980c-43ab-b7e2-bfb5c154ce6b\/","og_locale":"pt_BR","og_type":"article","og_title":"Atendente de Balc\u00e3o de Caf\u00e9: Benef\u00edcios, Crescimento e Ambiente Acolhedor - Cloud Byte 7","og_description":"Veja a an\u00e1lise imparcial da vaga tempor\u00e1ria para Atendente de Balc\u00e3o de Caf\u00e9. Descubra benef\u00edcios, desafios e o que esperar do ambiente de trabalho nesta fun\u00e7\u00e3o!","og_url":"https:\/\/cloudbyte7.com\/pt\/49daccdf-980c-43ab-b7e2-bfb5c154ce6b\/","og_site_name":"Cloud Byte 7","article_published_time":"2025-12-10T10:46:00+00:00","article_modified_time":"2025-12-10T10:46:56+00:00","author":"Bruno Gianni","twitter_card":"summary_large_image","twitter_misc":{"Written by":"Bruno Gianni","Est. reading time":"2 minutos"},"schema":{"@context":"https:\/\/schema.org","@graph":[{"@type":"WebPage","@id":"https:\/\/cloudbyte7.com\/49daccdf-980c-43ab-b7e2-bfb5c154ce6b\/","url":"https:\/\/cloudbyte7.com\/49daccdf-980c-43ab-b7e2-bfb5c154ce6b\/","name":"Atendente de Balc\u00e3o de Caf\u00e9: Benef\u00edcios, Crescimento e Ambiente Acolhedor - Cloud Byte 7","isPartOf":{"@id":"https:\/\/cloudbyte7.com\/#website"},"datePublished":"2025-12-10T10:46:00+00:00","dateModified":"2025-12-10T10:46:56+00:00","author":{"@id":"https:\/\/cloudbyte7.com\/#\/schema\/person\/d52888235fd6563bd07d97185d6a61e4"},"breadcrumb":{"@id":"https:\/\/cloudbyte7.com\/49daccdf-980c-43ab-b7e2-bfb5c154ce6b\/#breadcrumb"},"inLanguage":"pt-BR","potentialAction":[{"@type":"ReadAction","target":["https:\/\/cloudbyte7.com\/49daccdf-980c-43ab-b7e2-bfb5c154ce6b\/"]}]},{"@type":"BreadcrumbList","@id":"https:\/\/cloudbyte7.com\/49daccdf-980c-43ab-b7e2-bfb5c154ce6b\/#breadcrumb","itemListElement":[{"@type":"ListItem","position":1,"name":"Home","item":"https:\/\/cloudbyte7.com\/"},{"@type":"ListItem","position":2,"name":"Atendente de Balc\u00e3o de Caf\u00e9: Benef\u00edcios, Crescimento e Ambiente Acolhedor"}]},{"@type":"WebSite","@id":"https:\/\/cloudbyte7.com\/#website","url":"https:\/\/cloudbyte7.com\/","name":"Cloud Byte 7","description":"","potentialAction":[{"@type":"SearchAction","target":{"@type":"EntryPoint","urlTemplate":"https:\/\/cloudbyte7.com\/?s={search_term_string}"},"query-input":"required name=search_term_string"}],"inLanguage":"pt-BR"},{"@type":"Person","@id":"https:\/\/cloudbyte7.com\/#\/schema\/person\/d52888235fd6563bd07d97185d6a61e4","name":"Bruno Gianni","image":{"@type":"ImageObject","inLanguage":"pt-BR","@id":"https:\/\/cloudbyte7.com\/#\/schema\/person\/image\/","url":"https:\/\/secure.gravatar.com\/avatar\/0f5d42d7bf77874643c1478932860e3f?s=96&d=mm&r=g","contentUrl":"https:\/\/secure.gravatar.com\/avatar\/0f5d42d7bf77874643c1478932860e3f?s=96&d=mm&r=g","caption":"Bruno Gianni"},"description":"Bruno writes the way he lives, with curiosity, care, and respect for people. He likes to observe, listen, and try to understand what is happening on the other side before putting any words on the page.For him, writing is not about impressing, but about getting closer. It is about turning thoughts into something simple, clear, and real. Every text is an ongoing conversation, created with care and honesty, with the sincere intention of touching someone, somewhere along the way.","url":"https:\/\/cloudbyte7.com\/pt\/author\/bcgianni\/"}]}},"_links":{"self":[{"href":"https:\/\/cloudbyte7.com\/pt\/wp-json\/wp\/v2\/posts\/2719"}],"collection":[{"href":"https:\/\/cloudbyte7.com\/pt\/wp-json\/wp\/v2\/posts"}],"about":[{"href":"https:\/\/cloudbyte7.com\/pt\/wp-json\/wp\/v2\/types\/post"}],"author":[{"embeddable":true,"href":"https:\/\/cloudbyte7.com\/pt\/wp-json\/wp\/v2\/users\/3"}],"replies":[{"embeddable":true,"href":"https:\/\/cloudbyte7.com\/pt\/wp-json\/wp\/v2\/comments?post=2719"}],"version-history":[{"count":1,"href":"https:\/\/cloudbyte7.com\/pt\/wp-json\/wp\/v2\/posts\/2719\/revisions"}],"predecessor-version":[{"id":2729,"href":"https:\/\/cloudbyte7.com\/pt\/wp-json\/wp\/v2\/posts\/2719\/revisions\/2729"}],"wp:attachment":[{"href":"https:\/\/cloudbyte7.com\/pt\/wp-json\/wp\/v2\/media?parent=2719"}],"wp:term":[{"taxonomy":"category","embeddable":true,"href":"https:\/\/cloudbyte7.com\/pt\/wp-json\/wp\/v2\/categories?post=2719"},{"taxonomy":"post_tag","embeddable":true,"href":"https:\/\/cloudbyte7.com\/pt\/wp-json\/wp\/v2\/tags?post=2719"}],"curies":[{"name":"wp","href":"https:\/\/api.w.org\/{rel}","templated":true}]}}