{"id":2007,"date":"2025-12-09T19:04:00","date_gmt":"2025-12-09T19:04:00","guid":{"rendered":"https:\/\/cloudbyte7.com\/de0a9a06-71cf-4730-8a51-4e4a4c286647\/"},"modified":"2025-12-09T19:04:27","modified_gmt":"2025-12-09T19:04:27","slug":"de0a9a06-71cf-4730-8a51-4e4a4c286647","status":"publish","type":"post","link":"https:\/\/cloudbyte7.com\/ru\/de0a9a06-71cf-4730-8a51-4e4a4c286647\/","title":{"rendered":"Atendente de Loja \u2013 Vaga Efetiva com Destaque no Atendimento ao Cliente"},"content":{"rendered":"<div class=\"mx-5 sm:mx-0 prose text-left mb-5\">\n<\/p>\n<div style=\"background: #ffffff; border-radius: 12px; box-shadow: 0 10px 30px rgba(0, 0, 0, 0.1); width: 100%; max-width: 340px; padding: 25px; transition: transform 0.3s ease-in-out; overflow: visible; display: flex; flex-direction: column; position: relative; border: 1px solid #28a745; margin-top: 70px; margin-bottom: 50px; margin-left: auto; margin-right: auto;\">\n<div style=\"position: absolute; top: -35px; right: 15px; color: #28a745; padding: 5px 10px; border-radius: 6px; font-size: 14px; font-weight: bold; display: flex; align-items: center; z-index: 10;\">Recomendado para voc\u00ea<\/div>\n<div data-namespace-header=\"\" style=\"\">\n<h3 data-namespace-title=\"\" style=\"color: #333; font-size: 20px; font-weight: bold; text-align: left; margin-right: 50px; min-height: 50px; margin-top: 0px;\">Atendente de loja<\/h3>\n<\/p><\/div>\n<p data-namespace-prompt=\"\" style=\"font-size: 16px; color: #666; margin-bottom: 20px; line-height: 1.5; flex-grow: 1; text-align: left; margin-top: 0px;\">Oportunidade efetiva com sal\u00e1rio a combinar, em empresa s\u00f3lida. Busque desenvolvimento em atendimento ao cliente e trabalho em equipe. Destaque seu perfil e avance na carreira!<\/p>\n<p>    <a data-namespace-url=\"\" href=\"https:\/\/cloudbyte7.com\/ru\/redirect\/?https:\/\/www.bne.com.br\/vaga-de-emprego-na-area-comercio-em-sao-joao-de-meriti-rj\/atendente-de-loja\/5035469?utm_campaign=google_jobs_apply&#038;utm_source=google_jobs_apply&#038;utm_medium=organic\" style=\"width: 100%; display: inline-block; color: white; text-decoration: none; border-radius: 6px; font-size: 16px; font-weight: bold; text-align: center; transition: transform 0.3s ease, background 0.3s ease; margin-top: auto;\" data-namespace-id=\"5c0d2565-3ba9-4280-a382-ad2a691e2285\"><br \/>\n        <button style=\"width: 100%; height: 55px; background: #e9e9ed; border: 1px solid black; color: black;\">Candidatar-se \u00e0 vaga<\/button><br \/>\n    <\/a><br \/>\n    <small style=\"margin-top: 10px; color: #777; font-size: 12px; text-align: center; display: block;\">\u0413\u043e\u043b\u043e\u0441 \u0431\u0443\u0434\u0435\u0442 \u043f\u0435\u0440\u0435\u043d\u0430\u043f\u0440\u0430\u0432\u043b\u0435\u043d \u043d\u0430 \u043a\u043e\u043d\u0435\u0447\u043d\u044b\u0439 \u0441\u0430\u0439\u0442<\/small>\n<\/div>\n<p>A vaga de Atendente de Loja oferece regime efetivo, com sal\u00e1rio a combinar. A empresa oferece um ambiente presencial e proporciona chances reais de crescimento profissional, al\u00e9m de treinamentos internos.<\/p>\n<p>No dia a dia, o profissional \u00e9 respons\u00e1vel por garantir um atendimento cordial, responder d\u00favidas dos clientes, orientar sobre produtos e apoiar o bom funcionamento do time.<\/p>\n<p>A atua\u00e7\u00e3o \u00e9 voltada ao setor de com\u00e9rcio, exigindo boa comunica\u00e7\u00e3o, esp\u00edrito de equipe e disposi\u00e7\u00e3o para aprender. O colaborador ainda participa de treinamentos cont\u00ednuos.<\/p>\n<p>Al\u00e9m disso, o ambiente valoriza colabora\u00e7\u00e3o, promovendo curso e aprimoramento do atendimento. Essa experi\u00eancia \u00e9 excelente para quem busca proje\u00e7\u00e3o no setor comercial.<\/p>\n<p>Os requisitos gerais envolvem postura profissional, respeito, vontade de evoluir e facilidade de lidar com clientes. A dedica\u00e7\u00e3o \u00e9 indispens\u00e1vel para o destaque no ambiente corporativo.<\/p>\n<h3>\u041f\u0440\u0438\u043d\u0446\u0438\u043f\u044b \u043e\u0442\u0432\u0435\u0442\u0441\u0442\u0432\u0435\u043d\u043d\u043e\u0441\u0442\u0438 \u0438 \u0430\u043a\u0442\u0438\u0432\u043d\u043e\u0441\u0442\u0438<\/h3>\n<p>Neste cargo, o atendimento ao cliente est\u00e1 no centro das fun\u00e7\u00f5es. Espera-se que o profissional esteja sempre dispon\u00edvel para esclarecer d\u00favidas e orientar o p\u00fablico.<\/p>\n<p>Tamb\u00e9m \u00e9 importante trabalhar em equipe, respeitando as diretrizes da empresa. Participe ativamente de treinamentos e ajude a manter o bom clima de trabalho.<\/p>\n<p>A atua\u00e7\u00e3o envolve intera\u00e7\u00e3o constante com outras \u00e1reas, contribuindo para uma experi\u00eancia positiva dos consumidores. Cuidado e aten\u00e7\u00e3o s\u00e3o diferenciais apreciados.<\/p>\n<p>Proatividade para sugerir melhorias, pontualidade e compromisso com resultados s\u00e3o bem-vindos. Pontue sua participa\u00e7\u00e3o em reuni\u00f5es internas quando necess\u00e1rio.<\/p>\n<p>O cargo tamb\u00e9m requer organiza\u00e7\u00e3o pessoal e disponibilidade para apoiar a equipe em demandas emergenciais, refor\u00e7ando o esp\u00edrito colaborativo.<\/p>\n<h3>Pontos Positivos da Vaga<\/h3>\n<p>Um grande diferencial \u00e9 a efetividade contratual, garantindo estabilidade. Tamb\u00e9m h\u00e1 oportunidades de crescimento por meio de treinamentos internos e contato frequente com demais setores.<\/p>\n<p>Outro ponto muito positivo \u00e9 o refor\u00e7o de habilidades interpessoais, pois a fun\u00e7\u00e3o estimula a melhorar comunica\u00e7\u00e3o e lidar melhor com diferentes situa\u00e7\u00f5es do dia a dia.<\/p>\n<h3>Pontos Negativos da Vaga<\/h3>\n<p>O maior desafio pode ser o volume de intera\u00e7\u00f5es com clientes, exigindo paci\u00eancia e flexibilidade, podendo gerar press\u00e3o em hor\u00e1rios de pico.<\/p>\n<p>Al\u00e9m disso, a rotina pode ser repetitiva, especialmente para quem busca fun\u00e7\u00f5es administrativas mais estrat\u00e9gicas ou menos presenciais no com\u00e9rcio.<\/p>\n<h3>Veredito Final<\/h3>\n<p>Considerando os pontos apresentados, a vaga de Atendente de Loja \u00e9 indicada para quem valoriza contato humano e deseja iniciar ou fortalecer a carreira no com\u00e9rcio. O desenvolvimento profissional e benef\u00edcios internos s\u00e3o atrativos.<\/p>\n<p>O destaque est\u00e1 realmente na estabilidade, ambiente formativo e oportunidades de aprendizado cont\u00ednuo. Recomendo para quem busca seguran\u00e7a e quer evoluir no atendimento ao cliente.<\/p>\n<div style=\"background: #ffffff; border-radius: 12px; box-shadow: 0 10px 30px rgba(0, 0, 0, 0.1); width: 100%; max-width: 340px; padding: 25px; transition: transform 0.3s ease-in-out; overflow: visible; display: flex; flex-direction: column; position: relative; border: 1px solid #28a745; margin-top: 70px; margin-bottom: 50px; margin-left: auto; margin-right: auto;\">\n<div style=\"position: absolute; top: -35px; right: 15px; color: #28a745; padding: 5px 10px; border-radius: 6px; font-size: 14px; font-weight: bold; display: flex; align-items: center; z-index: 10;\">Recomendado para voc\u00ea<\/div>\n<div data-namespace-header=\"\" style=\"\">\n<h3 data-namespace-title=\"\" style=\"color: #333; font-size: 20px; font-weight: bold; text-align: left; margin-right: 50px; min-height: 50px; margin-top: 0px;\">Atendente de loja<\/h3>\n<\/p><\/div>\n<p data-namespace-prompt=\"\" style=\"font-size: 16px; color: #666; margin-bottom: 20px; line-height: 1.5; flex-grow: 1; text-align: left; margin-top: 0px;\">Oportunidade efetiva com sal\u00e1rio a combinar, em empresa s\u00f3lida. Busque desenvolvimento em atendimento ao cliente e trabalho em equipe. Destaque seu perfil e avance na carreira!<\/p>\n<p>    <a data-namespace-url=\"\" href=\"https:\/\/cloudbyte7.com\/ru\/redirect\/?https:\/\/www.bne.com.br\/vaga-de-emprego-na-area-comercio-em-sao-joao-de-meriti-rj\/atendente-de-loja\/5035469?utm_campaign=google_jobs_apply&#038;utm_source=google_jobs_apply&#038;utm_medium=organic\" style=\"width: 100%; display: inline-block; color: white; text-decoration: none; border-radius: 6px; font-size: 16px; font-weight: bold; text-align: center; transition: transform 0.3s ease, background 0.3s ease; margin-top: auto;\" data-namespace-id=\"5c0d2565-3ba9-4280-a382-ad2a691e2285\"><br \/>\n        <button style=\"width: 100%; height: 55px; background: #e9e9ed; border: 1px solid black; color: black;\">Candidatar-se \u00e0 vaga<\/button><br \/>\n    <\/a><br \/>\n    <small style=\"margin-top: 10px; color: #777; font-size: 12px; text-align: center; display: block;\">\u0413\u043e\u043b\u043e\u0441 \u0431\u0443\u0434\u0435\u0442 \u043f\u0435\u0440\u0435\u043d\u0430\u043f\u0440\u0430\u0432\u043b\u0435\u043d \u043d\u0430 \u043a\u043e\u043d\u0435\u0447\u043d\u044b\u0439 \u0441\u0430\u0439\u0442<\/small>\n<\/div>\n<\/div>","protected":false},"excerpt":{"rendered":"<p>Confira a an\u00e1lise da vaga de Atendente de Loja: contrato efetivo, ambiente de aprendizado e oportunidades de crescimento. Tenha seu perfil em destaque no atendimento ao cliente e evolua na carreira!<\/p>","protected":false},"author":3,"featured_media":0,"comment_status":"open","ping_status":"open","sticky":false,"template":"","format":"standard","meta":{"footnotes":""},"categories":[15],"tags":[],"yoast_head":"<!-- This site is optimized with the Yoast SEO plugin v23.3 - https:\/\/yoast.com\/wordpress\/plugins\/seo\/ -->\n<title>Atendente de Loja \u2013 Vaga Efetiva com Destaque no Atendimento ao Cliente - Cloud Byte 7<\/title>\n<meta name=\"robots\" content=\"index, follow, max-snippet:-1, max-image-preview:large, max-video-preview:-1\" \/>\n<link rel=\"canonical\" href=\"https:\/\/cloudbyte7.com\/ru\/de0a9a06-71cf-4730-8a51-4e4a4c286647\/\" \/>\n<meta property=\"og:locale\" content=\"ru_RU\" \/>\n<meta property=\"og:type\" content=\"article\" \/>\n<meta property=\"og:title\" content=\"Atendente de Loja \u2013 Vaga Efetiva com Destaque no Atendimento ao Cliente - Cloud Byte 7\" \/>\n<meta property=\"og:description\" content=\"Confira a an\u00e1lise da vaga de Atendente de Loja: contrato efetivo, ambiente de aprendizado e oportunidades de crescimento. Tenha seu perfil em destaque no atendimento ao cliente e evolua na carreira!\" \/>\n<meta property=\"og:url\" content=\"https:\/\/cloudbyte7.com\/ru\/de0a9a06-71cf-4730-8a51-4e4a4c286647\/\" \/>\n<meta property=\"og:site_name\" content=\"Cloud Byte 7\" \/>\n<meta property=\"article:published_time\" content=\"2025-12-09T19:04:00+00:00\" \/>\n<meta property=\"article:modified_time\" content=\"2025-12-09T19:04:27+00:00\" \/>\n<meta name=\"author\" content=\"Bruno Gianni\" \/>\n<meta name=\"twitter:card\" content=\"summary_large_image\" \/>\n<meta name=\"twitter:label1\" content=\"Written by\" \/>\n\t<meta name=\"twitter:data1\" content=\"Bruno Gianni\" \/>\n\t<meta name=\"twitter:label2\" content=\"Est. reading time\" \/>\n\t<meta name=\"twitter:data2\" content=\"3 \u043c\u0438\u043d\u0443\u0442\u044b\" \/>\n<script type=\"application\/ld+json\" class=\"yoast-schema-graph\">{\"@context\":\"https:\/\/schema.org\",\"@graph\":[{\"@type\":\"WebPage\",\"@id\":\"https:\/\/cloudbyte7.com\/de0a9a06-71cf-4730-8a51-4e4a4c286647\/\",\"url\":\"https:\/\/cloudbyte7.com\/de0a9a06-71cf-4730-8a51-4e4a4c286647\/\",\"name\":\"Atendente de Loja \u2013 Vaga Efetiva com Destaque no Atendimento ao Cliente - Cloud Byte 7\",\"isPartOf\":{\"@id\":\"https:\/\/cloudbyte7.com\/#website\"},\"datePublished\":\"2025-12-09T19:04:00+00:00\",\"dateModified\":\"2025-12-09T19:04:27+00:00\",\"author\":{\"@id\":\"https:\/\/cloudbyte7.com\/#\/schema\/person\/d52888235fd6563bd07d97185d6a61e4\"},\"breadcrumb\":{\"@id\":\"https:\/\/cloudbyte7.com\/de0a9a06-71cf-4730-8a51-4e4a4c286647\/#breadcrumb\"},\"inLanguage\":\"ru-RU\",\"potentialAction\":[{\"@type\":\"ReadAction\",\"target\":[\"https:\/\/cloudbyte7.com\/de0a9a06-71cf-4730-8a51-4e4a4c286647\/\"]}]},{\"@type\":\"BreadcrumbList\",\"@id\":\"https:\/\/cloudbyte7.com\/de0a9a06-71cf-4730-8a51-4e4a4c286647\/#breadcrumb\",\"itemListElement\":[{\"@type\":\"ListItem\",\"position\":1,\"name\":\"Home\",\"item\":\"https:\/\/cloudbyte7.com\/\"},{\"@type\":\"ListItem\",\"position\":2,\"name\":\"Atendente de Loja \u2013 Vaga Efetiva com Destaque no Atendimento ao Cliente\"}]},{\"@type\":\"WebSite\",\"@id\":\"https:\/\/cloudbyte7.com\/#website\",\"url\":\"https:\/\/cloudbyte7.com\/\",\"name\":\"Cloud Byte 7\",\"description\":\"\",\"potentialAction\":[{\"@type\":\"SearchAction\",\"target\":{\"@type\":\"EntryPoint\",\"urlTemplate\":\"https:\/\/cloudbyte7.com\/?s={search_term_string}\"},\"query-input\":\"required name=search_term_string\"}],\"inLanguage\":\"ru-RU\"},{\"@type\":\"Person\",\"@id\":\"https:\/\/cloudbyte7.com\/#\/schema\/person\/d52888235fd6563bd07d97185d6a61e4\",\"name\":\"Bruno Gianni\",\"image\":{\"@type\":\"ImageObject\",\"inLanguage\":\"ru-RU\",\"@id\":\"https:\/\/cloudbyte7.com\/#\/schema\/person\/image\/\",\"url\":\"https:\/\/secure.gravatar.com\/avatar\/0f5d42d7bf77874643c1478932860e3f?s=96&d=mm&r=g\",\"contentUrl\":\"https:\/\/secure.gravatar.com\/avatar\/0f5d42d7bf77874643c1478932860e3f?s=96&d=mm&r=g\",\"caption\":\"Bruno Gianni\"},\"description\":\"Bruno writes the way he lives, with curiosity, care, and respect for people. He likes to observe, listen, and try to understand what is happening on the other side before putting any words on the page.For him, writing is not about impressing, but about getting closer. It is about turning thoughts into something simple, clear, and real. Every text is an ongoing conversation, created with care and honesty, with the sincere intention of touching someone, somewhere along the way.\",\"url\":\"https:\/\/cloudbyte7.com\/ru\/author\/bcgianni\/\"}]}<\/script>\n<!-- \/ Yoast SEO plugin. -->","yoast_head_json":{"title":"Atendente de Loja \u2013 Vaga Efetiva com Destaque no Atendimento ao Cliente - Cloud Byte 7","robots":{"index":"index","follow":"follow","max-snippet":"max-snippet:-1","max-image-preview":"max-image-preview:large","max-video-preview":"max-video-preview:-1"},"canonical":"https:\/\/cloudbyte7.com\/ru\/de0a9a06-71cf-4730-8a51-4e4a4c286647\/","og_locale":"ru_RU","og_type":"article","og_title":"Atendente de Loja \u2013 Vaga Efetiva com Destaque no Atendimento ao Cliente - Cloud Byte 7","og_description":"Confira a an\u00e1lise da vaga de Atendente de Loja: contrato efetivo, ambiente de aprendizado e oportunidades de crescimento. Tenha seu perfil em destaque no atendimento ao cliente e evolua na carreira!","og_url":"https:\/\/cloudbyte7.com\/ru\/de0a9a06-71cf-4730-8a51-4e4a4c286647\/","og_site_name":"Cloud Byte 7","article_published_time":"2025-12-09T19:04:00+00:00","article_modified_time":"2025-12-09T19:04:27+00:00","author":"Bruno Gianni","twitter_card":"summary_large_image","twitter_misc":{"Written by":"Bruno Gianni","Est. reading time":"3 \u043c\u0438\u043d\u0443\u0442\u044b"},"schema":{"@context":"https:\/\/schema.org","@graph":[{"@type":"WebPage","@id":"https:\/\/cloudbyte7.com\/de0a9a06-71cf-4730-8a51-4e4a4c286647\/","url":"https:\/\/cloudbyte7.com\/de0a9a06-71cf-4730-8a51-4e4a4c286647\/","name":"Atendente de Loja \u2013 Vaga Efetiva com Destaque no Atendimento ao Cliente - Cloud Byte 7","isPartOf":{"@id":"https:\/\/cloudbyte7.com\/#website"},"datePublished":"2025-12-09T19:04:00+00:00","dateModified":"2025-12-09T19:04:27+00:00","author":{"@id":"https:\/\/cloudbyte7.com\/#\/schema\/person\/d52888235fd6563bd07d97185d6a61e4"},"breadcrumb":{"@id":"https:\/\/cloudbyte7.com\/de0a9a06-71cf-4730-8a51-4e4a4c286647\/#breadcrumb"},"inLanguage":"ru-RU","potentialAction":[{"@type":"ReadAction","target":["https:\/\/cloudbyte7.com\/de0a9a06-71cf-4730-8a51-4e4a4c286647\/"]}]},{"@type":"BreadcrumbList","@id":"https:\/\/cloudbyte7.com\/de0a9a06-71cf-4730-8a51-4e4a4c286647\/#breadcrumb","itemListElement":[{"@type":"ListItem","position":1,"name":"Home","item":"https:\/\/cloudbyte7.com\/"},{"@type":"ListItem","position":2,"name":"Atendente de Loja \u2013 Vaga Efetiva com Destaque no Atendimento ao Cliente"}]},{"@type":"WebSite","@id":"https:\/\/cloudbyte7.com\/#website","url":"https:\/\/cloudbyte7.com\/","name":"Cloud Byte 7","description":"","potentialAction":[{"@type":"SearchAction","target":{"@type":"EntryPoint","urlTemplate":"https:\/\/cloudbyte7.com\/?s={search_term_string}"},"query-input":"required name=search_term_string"}],"inLanguage":"ru-RU"},{"@type":"Person","@id":"https:\/\/cloudbyte7.com\/#\/schema\/person\/d52888235fd6563bd07d97185d6a61e4","name":"Bruno Gianni","image":{"@type":"ImageObject","inLanguage":"ru-RU","@id":"https:\/\/cloudbyte7.com\/#\/schema\/person\/image\/","url":"https:\/\/secure.gravatar.com\/avatar\/0f5d42d7bf77874643c1478932860e3f?s=96&d=mm&r=g","contentUrl":"https:\/\/secure.gravatar.com\/avatar\/0f5d42d7bf77874643c1478932860e3f?s=96&d=mm&r=g","caption":"Bruno Gianni"},"description":"Bruno writes the way he lives, with curiosity, care, and respect for people. He likes to observe, listen, and try to understand what is happening on the other side before putting any words on the page.For him, writing is not about impressing, but about getting closer. It is about turning thoughts into something simple, clear, and real. Every text is an ongoing conversation, created with care and honesty, with the sincere intention of touching someone, somewhere along the way.","url":"https:\/\/cloudbyte7.com\/ru\/author\/bcgianni\/"}]}},"_links":{"self":[{"href":"https:\/\/cloudbyte7.com\/ru\/wp-json\/wp\/v2\/posts\/2007"}],"collection":[{"href":"https:\/\/cloudbyte7.com\/ru\/wp-json\/wp\/v2\/posts"}],"about":[{"href":"https:\/\/cloudbyte7.com\/ru\/wp-json\/wp\/v2\/types\/post"}],"author":[{"embeddable":true,"href":"https:\/\/cloudbyte7.com\/ru\/wp-json\/wp\/v2\/users\/3"}],"replies":[{"embeddable":true,"href":"https:\/\/cloudbyte7.com\/ru\/wp-json\/wp\/v2\/comments?post=2007"}],"version-history":[{"count":1,"href":"https:\/\/cloudbyte7.com\/ru\/wp-json\/wp\/v2\/posts\/2007\/revisions"}],"predecessor-version":[{"id":2145,"href":"https:\/\/cloudbyte7.com\/ru\/wp-json\/wp\/v2\/posts\/2007\/revisions\/2145"}],"wp:attachment":[{"href":"https:\/\/cloudbyte7.com\/ru\/wp-json\/wp\/v2\/media?parent=2007"}],"wp:term":[{"taxonomy":"category","embeddable":true,"href":"https:\/\/cloudbyte7.com\/ru\/wp-json\/wp\/v2\/categories?post=2007"},{"taxonomy":"post_tag","embeddable":true,"href":"https:\/\/cloudbyte7.com\/ru\/wp-json\/wp\/v2\/tags?post=2007"}],"curies":[{"name":"wp","href":"https:\/\/api.w.org\/{rel}","templated":true}]}}