{"id":2123,"date":"2025-12-09T19:13:00","date_gmt":"2025-12-09T19:13:00","guid":{"rendered":"https:\/\/cloudbyte7.com\/97aa7663-214f-46b1-87eb-c353a42bcf93\/"},"modified":"2025-12-09T19:13:57","modified_gmt":"2025-12-09T19:13:57","slug":"97aa7663-214f-46b1-87eb-c353a42bcf93","status":"publish","type":"post","link":"https:\/\/cloudbyte7.com\/ru\/97aa7663-214f-46b1-87eb-c353a42bcf93\/","title":{"rendered":"Gerente Comercial e Compras: Benef\u00edcios, Responsabilidades e Oportunidades"},"content":{"rendered":"<div class=\"mx-5 sm:mx-0 prose text-left mb-5\">\n<\/p>\n<div style=\"background: #ffffff; border-radius: 12px; box-shadow: 0 10px 30px rgba(0, 0, 0, 0.1); width: 100%; max-width: 340px; padding: 25px; transition: transform 0.3s ease-in-out; overflow: visible; display: flex; flex-direction: column; position: relative; border: 1px solid #28a745; margin-top: 70px; margin-bottom: 50px; margin-left: auto; margin-right: auto;\">\n<div style=\"position: absolute; top: -35px; right: 15px; color: #28a745; padding: 5px 10px; border-radius: 6px; font-size: 14px; font-weight: bold; display: flex; align-items: center; z-index: 10;\">Recomendado para voc\u00ea<\/div>\n<div data-namespace-header=\"\" style=\"\">\n<h3 data-namespace-title=\"\" style=\"color: #333; font-size: 20px; font-weight: bold; text-align: left; margin-right: 50px; min-height: 50px; margin-top: 0px;\">Gerente Comercial e Compras<\/h3>\n<\/p><\/div>\n<p data-namespace-prompt=\"\" style=\"font-size: 16px; color: #666; margin-bottom: 20px; line-height: 1.5; flex-grow: 1; text-align: left; margin-top: 0px;\">Gest\u00e3o de equipe de compradores, desenvolvimento de fornecedores, benef\u00edcios atrativos e oportunidade de liderar estrat\u00e9gias. Requer ensino superior completo.<\/p>\n<p>    <a data-namespace-url=\"\" href=\"https:\/\/cloudbyte7.com\/ru\/redirect\/?https:\/\/divulgavagas.com.br\/vaga-de-emprego\/gerente-comercial-e-compras-cachoeirinha-rs-30209739?utm_campaign=google_jobs_apply&#038;utm_source=google_jobs_apply&#038;utm_medium=organic\" style=\"width: 100%; display: inline-block; color: white; text-decoration: none; border-radius: 6px; font-size: 16px; font-weight: bold; text-align: center; transition: transform 0.3s ease, background 0.3s ease; margin-top: auto;\" data-namespace-id=\"5c0d2565-3ba9-4280-a382-ad2a691e2285\"><br \/>\n        <button style=\"width: 100%; height: 55px; background: #e9e9ed; border: 1px solid black; color: black;\">Candidatar-se \u00e0 vaga<\/button><br \/>\n    <\/a><br \/>\n    <small style=\"margin-top: 10px; color: #777; font-size: 12px; text-align: center; display: block;\">\u0413\u043e\u043b\u043e\u0441 \u0431\u0443\u0434\u0435\u0442 \u043f\u0435\u0440\u0435\u043d\u0430\u043f\u0440\u0430\u0432\u043b\u0435\u043d \u043d\u0430 \u043a\u043e\u043d\u0435\u0447\u043d\u044b\u0439 \u0441\u0430\u0439\u0442<\/small>\n<\/div>\n<p>Essa vaga para Gerente Comercial e Compras apresenta a oportunidade ideal para profissionais experientes em lideran\u00e7a e negocia\u00e7\u00e3o. O sal\u00e1rio est\u00e1 a combinar, mas o pacote de benef\u00edcios \u00e9 excelente: plano m\u00e9dico, plano odontol\u00f3gico, aux\u00edlio combust\u00edvel, conv\u00eanio com universidades e descontos especiais em lojas e farm\u00e1cias.<\/p>\n<p>Trata-se de um cargo de tempo integral, com carga hor\u00e1ria de segunda a sexta-feira das 8h \u00e0s 18h, e s\u00e1bados das 8h \u00e0s 12h. A exig\u00eancia m\u00ednima \u00e9 de ensino superior completo, o que garante um perfil mais qualificado para assumir todas as atribui\u00e7\u00f5es e assumir o comando de um setor estrat\u00e9gico.<\/p>\n<h3>\u041e\u0442\u0432\u0435\u0442\u0441\u0442\u0432\u0435\u043d\u043d\u043e\u0441\u0442\u044c \u0438 \u0440\u043e\u0442\u0430\u0446\u0438\u044f \u0433\u0440\u0443\u0437\u043e\u0432<\/h3>\n<p>No dia a dia, o Gerente Comercial e Compras \u00e9 respons\u00e1vel por gerenciar a equipe de compradores, al\u00e9m de atuar diretamente no desenvolvimento de fornecedores. As atividades tamb\u00e9m incluem a an\u00e1lise de indicadores, defini\u00e7\u00e3o de metas de vendas e implementa\u00e7\u00e3o de processos operacionais.<\/p>\n<p>Entre suas fun\u00e7\u00f5es, est\u00e1 a gest\u00e3o de estoque em parceria com gerentes de loja, assegurando efici\u00eancia no abastecimento e controle de fluxo. Tamb\u00e9m \u00e9 fundamental agir de modo proativo em melhorias e identifica\u00e7\u00e3o de oportunidades para aumentar produtividade.<\/p>\n<p>O gestor analisa resultados e acompanha metas de vendas, sendo essencial ajustar estrat\u00e9gias sempre que necess\u00e1rio. Isso demanda vis\u00e3o anal\u00edtica e capacidade comunicativa, prestando apoio e colaborando com outros departamentos em busca de efici\u00eancia.<\/p>\n<h3>Principais Pontos Positivos<\/h3>\n<p>Entre os grandes diferenciais da vaga est\u00e3o os benef\u00edcios, que facilitam o dia a dia e oferecem seguran\u00e7a e comodidade aos profissionais. A parceira com institui\u00e7\u00f5es de ensino \u00e9 um incentivo para desenvolvimento.<\/p>\n<p>O ambiente prop\u00f5e desafios constantes na \u00e1rea comercial, possibilitando crescimento profissional acelerado e visibilidade junto \u00e0 lideran\u00e7a da empresa. Tamb\u00e9m h\u00e1 espa\u00e7o para inova\u00e7\u00e3o e autonomia.<\/p>\n<h3>Alguns Pontos a Considerar<\/h3>\n<p>Apesar das vantagens, o cargo exige dedica\u00e7\u00e3o intensiva com carga hor\u00e1ria extendida, inclusive parte dos s\u00e1bados. A cobran\u00e7a por metas e resultados pode trazer press\u00e3o, exigindo resili\u00eancia emocional e conhecimento estrat\u00e9gico.<\/p>\n<p>O perfil procurado \u00e9 de candidatos com forma\u00e7\u00e3o superior completa, o que limita o acesso caso n\u00e3o atenda esse requisito. Ter experi\u00eancia pr\u00e9via em gest\u00e3o comercial \u00e9 diferencial indispens\u00e1vel.<\/p>\n<h3>\u0412\u0435\u0440\u0435\u0434\u0438\u0442\u043e<\/h3>\n<p>A posi\u00e7\u00e3o de Gerente Comercial e Compras \u00e9 atrativa para quem busca novos desafios na lideran\u00e7a de times e processos estrat\u00e9gicos. Oportunidade de crescimento, benef\u00edcios robustos e possibilidade de destaque fazem valer a pena a candidatura para profissionais qualificados.<\/p>\n<div style=\"background: #ffffff; border-radius: 12px; box-shadow: 0 10px 30px rgba(0, 0, 0, 0.1); width: 100%; max-width: 340px; padding: 25px; transition: transform 0.3s ease-in-out; overflow: visible; display: flex; flex-direction: column; position: relative; border: 1px solid #28a745; margin-top: 70px; margin-bottom: 50px; margin-left: auto; margin-right: auto;\">\n<div style=\"position: absolute; top: -35px; right: 15px; color: #28a745; padding: 5px 10px; border-radius: 6px; font-size: 14px; font-weight: bold; display: flex; align-items: center; z-index: 10;\">Recomendado para voc\u00ea<\/div>\n<div data-namespace-header=\"\" style=\"\">\n<h3 data-namespace-title=\"\" style=\"color: #333; font-size: 20px; font-weight: bold; text-align: left; margin-right: 50px; min-height: 50px; margin-top: 0px;\">Gerente Comercial e Compras<\/h3>\n<\/p><\/div>\n<p data-namespace-prompt=\"\" style=\"font-size: 16px; color: #666; margin-bottom: 20px; line-height: 1.5; flex-grow: 1; text-align: left; margin-top: 0px;\">Gest\u00e3o de equipe de compradores, desenvolvimento de fornecedores, benef\u00edcios atrativos e oportunidade de liderar estrat\u00e9gias. Requer ensino superior completo.<\/p>\n<p>    <a data-namespace-url=\"\" href=\"https:\/\/cloudbyte7.com\/ru\/redirect\/?https:\/\/divulgavagas.com.br\/vaga-de-emprego\/gerente-comercial-e-compras-cachoeirinha-rs-30209739?utm_campaign=google_jobs_apply&#038;utm_source=google_jobs_apply&#038;utm_medium=organic\" style=\"width: 100%; display: inline-block; color: white; text-decoration: none; border-radius: 6px; font-size: 16px; font-weight: bold; text-align: center; transition: transform 0.3s ease, background 0.3s ease; margin-top: auto;\" data-namespace-id=\"5c0d2565-3ba9-4280-a382-ad2a691e2285\"><br \/>\n        <button style=\"width: 100%; height: 55px; background: #e9e9ed; border: 1px solid black; color: black;\">Candidatar-se \u00e0 vaga<\/button><br \/>\n    <\/a><br \/>\n    <small style=\"margin-top: 10px; color: #777; font-size: 12px; text-align: center; display: block;\">\u0413\u043e\u043b\u043e\u0441 \u0431\u0443\u0434\u0435\u0442 \u043f\u0435\u0440\u0435\u043d\u0430\u043f\u0440\u0430\u0432\u043b\u0435\u043d \u043d\u0430 \u043a\u043e\u043d\u0435\u0447\u043d\u044b\u0439 \u0441\u0430\u0439\u0442<\/small>\n<\/div>\n<\/div>","protected":false},"excerpt":{"rendered":"<p>Descubra a vaga de Gerente Comercial e Compras: benef\u00edcios atraentes, gest\u00e3o de equipe e estrat\u00e9gias para seu crescimento profissional. Oportunidade imperd\u00edvel para sua carreira. Confira agora.<\/p>","protected":false},"author":3,"featured_media":0,"comment_status":"open","ping_status":"open","sticky":false,"template":"","format":"standard","meta":{"footnotes":""},"categories":[15],"tags":[],"yoast_head":"<!-- This site is optimized with the Yoast SEO plugin v23.3 - https:\/\/yoast.com\/wordpress\/plugins\/seo\/ -->\n<title>Gerente Comercial e Compras: Benef\u00edcios, Responsabilidades e Oportunidades - Cloud Byte 7<\/title>\n<meta name=\"robots\" content=\"index, follow, max-snippet:-1, max-image-preview:large, max-video-preview:-1\" \/>\n<link rel=\"canonical\" href=\"https:\/\/cloudbyte7.com\/ru\/97aa7663-214f-46b1-87eb-c353a42bcf93\/\" \/>\n<meta property=\"og:locale\" content=\"ru_RU\" \/>\n<meta property=\"og:type\" content=\"article\" \/>\n<meta property=\"og:title\" content=\"Gerente Comercial e Compras: Benef\u00edcios, Responsabilidades e Oportunidades - Cloud Byte 7\" \/>\n<meta property=\"og:description\" content=\"Descubra a vaga de Gerente Comercial e Compras: benef\u00edcios atraentes, gest\u00e3o de equipe e estrat\u00e9gias para seu crescimento profissional. Oportunidade imperd\u00edvel para sua carreira. Confira agora.\" \/>\n<meta property=\"og:url\" content=\"https:\/\/cloudbyte7.com\/ru\/97aa7663-214f-46b1-87eb-c353a42bcf93\/\" \/>\n<meta property=\"og:site_name\" content=\"Cloud Byte 7\" \/>\n<meta property=\"article:published_time\" content=\"2025-12-09T19:13:00+00:00\" \/>\n<meta property=\"article:modified_time\" content=\"2025-12-09T19:13:57+00:00\" \/>\n<meta name=\"author\" content=\"Bruno Gianni\" \/>\n<meta name=\"twitter:card\" content=\"summary_large_image\" \/>\n<meta name=\"twitter:label1\" content=\"Written by\" \/>\n\t<meta name=\"twitter:data1\" content=\"Bruno Gianni\" \/>\n\t<meta name=\"twitter:label2\" content=\"Est. reading time\" \/>\n\t<meta name=\"twitter:data2\" content=\"3 \u043c\u0438\u043d\u0443\u0442\u044b\" \/>\n<script type=\"application\/ld+json\" class=\"yoast-schema-graph\">{\"@context\":\"https:\/\/schema.org\",\"@graph\":[{\"@type\":\"WebPage\",\"@id\":\"https:\/\/cloudbyte7.com\/97aa7663-214f-46b1-87eb-c353a42bcf93\/\",\"url\":\"https:\/\/cloudbyte7.com\/97aa7663-214f-46b1-87eb-c353a42bcf93\/\",\"name\":\"Gerente Comercial e Compras: Benef\u00edcios, Responsabilidades e Oportunidades - Cloud Byte 7\",\"isPartOf\":{\"@id\":\"https:\/\/cloudbyte7.com\/#website\"},\"datePublished\":\"2025-12-09T19:13:00+00:00\",\"dateModified\":\"2025-12-09T19:13:57+00:00\",\"author\":{\"@id\":\"https:\/\/cloudbyte7.com\/#\/schema\/person\/d52888235fd6563bd07d97185d6a61e4\"},\"breadcrumb\":{\"@id\":\"https:\/\/cloudbyte7.com\/97aa7663-214f-46b1-87eb-c353a42bcf93\/#breadcrumb\"},\"inLanguage\":\"ru-RU\",\"potentialAction\":[{\"@type\":\"ReadAction\",\"target\":[\"https:\/\/cloudbyte7.com\/97aa7663-214f-46b1-87eb-c353a42bcf93\/\"]}]},{\"@type\":\"BreadcrumbList\",\"@id\":\"https:\/\/cloudbyte7.com\/97aa7663-214f-46b1-87eb-c353a42bcf93\/#breadcrumb\",\"itemListElement\":[{\"@type\":\"ListItem\",\"position\":1,\"name\":\"Home\",\"item\":\"https:\/\/cloudbyte7.com\/\"},{\"@type\":\"ListItem\",\"position\":2,\"name\":\"Gerente Comercial e Compras: Benef\u00edcios, Responsabilidades e Oportunidades\"}]},{\"@type\":\"WebSite\",\"@id\":\"https:\/\/cloudbyte7.com\/#website\",\"url\":\"https:\/\/cloudbyte7.com\/\",\"name\":\"Cloud Byte 7\",\"description\":\"\",\"potentialAction\":[{\"@type\":\"SearchAction\",\"target\":{\"@type\":\"EntryPoint\",\"urlTemplate\":\"https:\/\/cloudbyte7.com\/?s={search_term_string}\"},\"query-input\":\"required name=search_term_string\"}],\"inLanguage\":\"ru-RU\"},{\"@type\":\"Person\",\"@id\":\"https:\/\/cloudbyte7.com\/#\/schema\/person\/d52888235fd6563bd07d97185d6a61e4\",\"name\":\"Bruno Gianni\",\"image\":{\"@type\":\"ImageObject\",\"inLanguage\":\"ru-RU\",\"@id\":\"https:\/\/cloudbyte7.com\/#\/schema\/person\/image\/\",\"url\":\"https:\/\/secure.gravatar.com\/avatar\/0f5d42d7bf77874643c1478932860e3f?s=96&d=mm&r=g\",\"contentUrl\":\"https:\/\/secure.gravatar.com\/avatar\/0f5d42d7bf77874643c1478932860e3f?s=96&d=mm&r=g\",\"caption\":\"Bruno Gianni\"},\"description\":\"Bruno writes the way he lives, with curiosity, care, and respect for people. He likes to observe, listen, and try to understand what is happening on the other side before putting any words on the page.For him, writing is not about impressing, but about getting closer. It is about turning thoughts into something simple, clear, and real. Every text is an ongoing conversation, created with care and honesty, with the sincere intention of touching someone, somewhere along the way.\",\"url\":\"https:\/\/cloudbyte7.com\/ru\/author\/bcgianni\/\"}]}<\/script>\n<!-- \/ Yoast SEO plugin. -->","yoast_head_json":{"title":"Gerente Comercial e Compras: Benef\u00edcios, Responsabilidades e Oportunidades - Cloud Byte 7","robots":{"index":"index","follow":"follow","max-snippet":"max-snippet:-1","max-image-preview":"max-image-preview:large","max-video-preview":"max-video-preview:-1"},"canonical":"https:\/\/cloudbyte7.com\/ru\/97aa7663-214f-46b1-87eb-c353a42bcf93\/","og_locale":"ru_RU","og_type":"article","og_title":"Gerente Comercial e Compras: Benef\u00edcios, Responsabilidades e Oportunidades - Cloud Byte 7","og_description":"Descubra a vaga de Gerente Comercial e Compras: benef\u00edcios atraentes, gest\u00e3o de equipe e estrat\u00e9gias para seu crescimento profissional. Oportunidade imperd\u00edvel para sua carreira. Confira agora.","og_url":"https:\/\/cloudbyte7.com\/ru\/97aa7663-214f-46b1-87eb-c353a42bcf93\/","og_site_name":"Cloud Byte 7","article_published_time":"2025-12-09T19:13:00+00:00","article_modified_time":"2025-12-09T19:13:57+00:00","author":"Bruno Gianni","twitter_card":"summary_large_image","twitter_misc":{"Written by":"Bruno Gianni","Est. reading time":"3 \u043c\u0438\u043d\u0443\u0442\u044b"},"schema":{"@context":"https:\/\/schema.org","@graph":[{"@type":"WebPage","@id":"https:\/\/cloudbyte7.com\/97aa7663-214f-46b1-87eb-c353a42bcf93\/","url":"https:\/\/cloudbyte7.com\/97aa7663-214f-46b1-87eb-c353a42bcf93\/","name":"Gerente Comercial e Compras: Benef\u00edcios, Responsabilidades e Oportunidades - Cloud Byte 7","isPartOf":{"@id":"https:\/\/cloudbyte7.com\/#website"},"datePublished":"2025-12-09T19:13:00+00:00","dateModified":"2025-12-09T19:13:57+00:00","author":{"@id":"https:\/\/cloudbyte7.com\/#\/schema\/person\/d52888235fd6563bd07d97185d6a61e4"},"breadcrumb":{"@id":"https:\/\/cloudbyte7.com\/97aa7663-214f-46b1-87eb-c353a42bcf93\/#breadcrumb"},"inLanguage":"ru-RU","potentialAction":[{"@type":"ReadAction","target":["https:\/\/cloudbyte7.com\/97aa7663-214f-46b1-87eb-c353a42bcf93\/"]}]},{"@type":"BreadcrumbList","@id":"https:\/\/cloudbyte7.com\/97aa7663-214f-46b1-87eb-c353a42bcf93\/#breadcrumb","itemListElement":[{"@type":"ListItem","position":1,"name":"Home","item":"https:\/\/cloudbyte7.com\/"},{"@type":"ListItem","position":2,"name":"Gerente Comercial e Compras: Benef\u00edcios, Responsabilidades e Oportunidades"}]},{"@type":"WebSite","@id":"https:\/\/cloudbyte7.com\/#website","url":"https:\/\/cloudbyte7.com\/","name":"Cloud Byte 7","description":"","potentialAction":[{"@type":"SearchAction","target":{"@type":"EntryPoint","urlTemplate":"https:\/\/cloudbyte7.com\/?s={search_term_string}"},"query-input":"required name=search_term_string"}],"inLanguage":"ru-RU"},{"@type":"Person","@id":"https:\/\/cloudbyte7.com\/#\/schema\/person\/d52888235fd6563bd07d97185d6a61e4","name":"Bruno Gianni","image":{"@type":"ImageObject","inLanguage":"ru-RU","@id":"https:\/\/cloudbyte7.com\/#\/schema\/person\/image\/","url":"https:\/\/secure.gravatar.com\/avatar\/0f5d42d7bf77874643c1478932860e3f?s=96&d=mm&r=g","contentUrl":"https:\/\/secure.gravatar.com\/avatar\/0f5d42d7bf77874643c1478932860e3f?s=96&d=mm&r=g","caption":"Bruno Gianni"},"description":"Bruno writes the way he lives, with curiosity, care, and respect for people. He likes to observe, listen, and try to understand what is happening on the other side before putting any words on the page.For him, writing is not about impressing, but about getting closer. It is about turning thoughts into something simple, clear, and real. Every text is an ongoing conversation, created with care and honesty, with the sincere intention of touching someone, somewhere along the way.","url":"https:\/\/cloudbyte7.com\/ru\/author\/bcgianni\/"}]}},"_links":{"self":[{"href":"https:\/\/cloudbyte7.com\/ru\/wp-json\/wp\/v2\/posts\/2123"}],"collection":[{"href":"https:\/\/cloudbyte7.com\/ru\/wp-json\/wp\/v2\/posts"}],"about":[{"href":"https:\/\/cloudbyte7.com\/ru\/wp-json\/wp\/v2\/types\/post"}],"author":[{"embeddable":true,"href":"https:\/\/cloudbyte7.com\/ru\/wp-json\/wp\/v2\/users\/3"}],"replies":[{"embeddable":true,"href":"https:\/\/cloudbyte7.com\/ru\/wp-json\/wp\/v2\/comments?post=2123"}],"version-history":[{"count":1,"href":"https:\/\/cloudbyte7.com\/ru\/wp-json\/wp\/v2\/posts\/2123\/revisions"}],"predecessor-version":[{"id":2269,"href":"https:\/\/cloudbyte7.com\/ru\/wp-json\/wp\/v2\/posts\/2123\/revisions\/2269"}],"wp:attachment":[{"href":"https:\/\/cloudbyte7.com\/ru\/wp-json\/wp\/v2\/media?parent=2123"}],"wp:term":[{"taxonomy":"category","embeddable":true,"href":"https:\/\/cloudbyte7.com\/ru\/wp-json\/wp\/v2\/categories?post=2123"},{"taxonomy":"post_tag","embeddable":true,"href":"https:\/\/cloudbyte7.com\/ru\/wp-json\/wp\/v2\/tags?post=2123"}],"curies":[{"name":"wp","href":"https:\/\/api.w.org\/{rel}","templated":true}]}}