{"id":2332,"date":"2025-12-10T09:12:00","date_gmt":"2025-12-10T09:12:00","guid":{"rendered":"https:\/\/cloudbyte7.com\/d644f810-7f1f-4ece-9f35-45c3821b772d\/"},"modified":"2025-12-10T09:12:56","modified_gmt":"2025-12-10T09:12:56","slug":"d644f810-7f1f-4ece-9f35-45c3821b772d","status":"publish","type":"post","link":"https:\/\/cloudbyte7.com\/ru\/d644f810-7f1f-4ece-9f35-45c3821b772d\/","title":{"rendered":"Atendente Geral: Sal\u00e1rio Atraente, Jornada Parcial e Sem Necessidade de Experi\u00eancia"},"content":{"rendered":"<div class=\"mx-5 sm:mx-0 prose text-left mb-5\">\n<\/p>\n<div style=\"background: #ffffff; border-radius: 12px; box-shadow: 0 10px 30px rgba(0, 0, 0, 0.1); width: 100%; max-width: 340px; padding: 25px; transition: transform 0.3s ease-in-out; overflow: visible; display: flex; flex-direction: column; position: relative; border: 1px solid #28a745; margin-top: 70px; margin-bottom: 50px; margin-left: auto; margin-right: auto;\">\n<div style=\"position: absolute; top: -35px; right: 15px; color: #28a745; padding: 5px 10px; border-radius: 6px; font-size: 14px; font-weight: bold; display: flex; align-items: center; z-index: 10;\">Recomendado para voc\u00ea<\/div>\n<div data-namespace-header=\"\" style=\"\">\n<h3 data-namespace-title=\"\" style=\"color: #333; font-size: 20px; font-weight: bold; text-align: left; margin-right: 50px; min-height: 50px; margin-top: 0px;\">Atendente Geral<\/h3>\n<\/p><\/div>\n<p data-namespace-prompt=\"\" style=\"font-size: 16px; color: #666; margin-bottom: 20px; line-height: 1.5; flex-grow: 1; text-align: left; margin-top: 0px;\">Seja o rosto do atendimento, organize a loja e mostre simpatia. Sal\u00e1rio est\u00e1vel, jornada parcial e n\u00e3o exige experi\u00eancia pr\u00e9via. \u00d3tima chance de come\u00e7ar!<\/p>\n<p>    <a data-namespace-url=\"\" href=\"https:\/\/cloudbyte7.com\/ru\/redirect\/?https:\/\/www.infojobs.com.br\/vaga-de-atendente-geral-em-sao-paulo__10971644.aspx?utm_campaign=google_jobs_apply&#038;utm_source=google_jobs_apply&#038;utm_medium=organic\" style=\"width: 100%; display: inline-block; color: white; text-decoration: none; border-radius: 6px; font-size: 16px; font-weight: bold; text-align: center; transition: transform 0.3s ease, background 0.3s ease; margin-top: auto;\" data-namespace-id=\"5c0d2565-3ba9-4280-a382-ad2a691e2285\"><br \/>\n        <button style=\"width: 100%; height: 55px; background: #e9e9ed; border: 1px solid black; color: black;\">Candidatar-se \u00e0 vaga<\/button><br \/>\n    <\/a><br \/>\n    <small style=\"margin-top: 10px; color: #777; font-size: 12px; text-align: center; display: block;\">\u0413\u043e\u043b\u043e\u0441 \u0431\u0443\u0434\u0435\u0442 \u043f\u0435\u0440\u0435\u043d\u0430\u043f\u0440\u0430\u0432\u043b\u0435\u043d \u043d\u0430 \u043a\u043e\u043d\u0435\u0447\u043d\u044b\u0439 \u0441\u0430\u0439\u0442<\/small>\n<\/div>\n<p>Uma nova oportunidade acaba de surgir para quem busca o primeiro emprego ou uma recoloca\u00e7\u00e3o: a vaga de Atendente Geral. O sal\u00e1rio oferecido est\u00e1 entre R$ 1.000 e R$ 1.200 mensais, garantindo uma renda inicial competitiva para uma posi\u00e7\u00e3o de entrada. O contrato \u00e9 tempor\u00e1rio, com jornada parcial no per\u00edodo da tarde, permitindo maior flexibilidade.<\/p>\n<p>O principal requisito para participar \u00e9 ter ensino m\u00e9dio completo. Diferente de muitas vagas, n\u00e3o h\u00e1 a exig\u00eancia de experi\u00eancia anterior, abrindo portas para quem quer se lan\u00e7ar no mercado. Al\u00e9m disso, \u00e9 valorizada a organiza\u00e7\u00e3o, disposi\u00e7\u00e3o e habilidades de comunica\u00e7\u00e3o simp\u00e1tica.<\/p>\n<h2>\u041e\u0442\u0432\u0435\u0442\u0441\u0442\u0432\u0435\u043d\u043d\u043e\u0441\u0442\u044c \u0437\u0430 \u0434\u0435\u043d\u044c \u0438 \u0434\u0435\u043d\u044c<\/h2>\n<p>As fun\u00e7\u00f5es desempenhadas s\u00e3o focadas no atendimento e aux\u00edlio aos clientes, fun\u00e7\u00e3o central na rotina desse profissional. Tamb\u00e9m inclui a organiza\u00e7\u00e3o de fantasias e acess\u00f3rios. Um cuidado extra com o espa\u00e7o envolve uma limpeza leve da loja, como passar aspirador e tirar o p\u00f3 em hor\u00e1rios definidos. A simpatia e proatividade s\u00e3o essenciais para se destacar nesta vaga e, consequentemente, ser lembrado para futuras oportunidades dentro da \u00e1rea.<\/p>\n<h2>\u041f\u043e\u0437\u0438\u0442\u0438\u0432\u043d\u044b\u0435 \u0442\u043e\u0447\u043a\u0438<\/h2>\n<p>Destaca-se a facilidade de ingresso, j\u00e1 que n\u00e3o \u00e9 necess\u00e1rio ter experi\u00eancia anterior. Outro ponto forte est\u00e1 na jornada de trabalho reduzida, permitindo conciliar o emprego com outras atividades pessoais ou de estudo. O ambiente de loja proporciona aprendizado constante sobre atendimento e organiza\u00e7\u00e3o, cravando uma base profissional importante logo no in\u00edcio da carreira.<\/p>\n<h2>Pontos Negativos<\/h2>\n<p>Por ser uma vaga tempor\u00e1ria, n\u00e3o oferece garantia de continuidade ap\u00f3s o fim do prazo do contrato. O sal\u00e1rio permanece dentro da faixa de entrada. A necessidade de limpar a loja pode n\u00e3o agradar quem espera fun\u00e7\u00f5es mais focadas somente no atendimento ao cliente.<\/p>\n<h2>\u0412\u0435\u0440\u0435\u0434\u0438\u0442\u043e<\/h2>\n<p>Esta vaga de Atendente Geral \u00e9 indicada para quem procura uma primeira experi\u00eancia e flexibilidade de hor\u00e1rio. Ideal para estudantes e quem busca praticidade no dia a dia, com desafios t\u00edpicos da \u00e1rea comercial. Vale a pena considerar se voc\u00ea busca um in\u00edcio simples e direto no mercado de trabalho.<\/p>\n<div style=\"background: #ffffff; border-radius: 12px; box-shadow: 0 10px 30px rgba(0, 0, 0, 0.1); width: 100%; max-width: 340px; padding: 25px; transition: transform 0.3s ease-in-out; overflow: visible; display: flex; flex-direction: column; position: relative; border: 1px solid #28a745; margin-top: 70px; margin-bottom: 50px; margin-left: auto; margin-right: auto;\">\n<div style=\"position: absolute; top: -35px; right: 15px; color: #28a745; padding: 5px 10px; border-radius: 6px; font-size: 14px; font-weight: bold; display: flex; align-items: center; z-index: 10;\">Recomendado para voc\u00ea<\/div>\n<div data-namespace-header=\"\" style=\"\">\n<h3 data-namespace-title=\"\" style=\"color: #333; font-size: 20px; font-weight: bold; text-align: left; margin-right: 50px; min-height: 50px; margin-top: 0px;\">Atendente Geral<\/h3>\n<\/p><\/div>\n<p data-namespace-prompt=\"\" style=\"font-size: 16px; color: #666; margin-bottom: 20px; line-height: 1.5; flex-grow: 1; text-align: left; margin-top: 0px;\">Seja o rosto do atendimento, organize a loja e mostre simpatia. Sal\u00e1rio est\u00e1vel, jornada parcial e n\u00e3o exige experi\u00eancia pr\u00e9via. \u00d3tima chance de come\u00e7ar!<\/p>\n<p>    <a data-namespace-url=\"\" href=\"https:\/\/cloudbyte7.com\/ru\/redirect\/?https:\/\/www.infojobs.com.br\/vaga-de-atendente-geral-em-sao-paulo__10971644.aspx?utm_campaign=google_jobs_apply&#038;utm_source=google_jobs_apply&#038;utm_medium=organic\" style=\"width: 100%; display: inline-block; color: white; text-decoration: none; border-radius: 6px; font-size: 16px; font-weight: bold; text-align: center; transition: transform 0.3s ease, background 0.3s ease; margin-top: auto;\" data-namespace-id=\"5c0d2565-3ba9-4280-a382-ad2a691e2285\"><br \/>\n        <button style=\"width: 100%; height: 55px; background: #e9e9ed; border: 1px solid black; color: black;\">Candidatar-se \u00e0 vaga<\/button><br \/>\n    <\/a><br \/>\n    <small style=\"margin-top: 10px; color: #777; font-size: 12px; text-align: center; display: block;\">\u0413\u043e\u043b\u043e\u0441 \u0431\u0443\u0434\u0435\u0442 \u043f\u0435\u0440\u0435\u043d\u0430\u043f\u0440\u0430\u0432\u043b\u0435\u043d \u043d\u0430 \u043a\u043e\u043d\u0435\u0447\u043d\u044b\u0439 \u0441\u0430\u0439\u0442<\/small>\n<\/div>\n<\/div>","protected":false},"excerpt":{"rendered":"<p>Conhe\u00e7a os detalhes da vaga de Atendente Geral, com sal\u00e1rio entre R$ 1.000 e R$ 1.200, jornada parcial, sem exigir experi\u00eancia e ideal para quem busca come\u00e7ar na \u00e1rea. Confira a an\u00e1lise completa!<\/p>","protected":false},"author":3,"featured_media":0,"comment_status":"open","ping_status":"open","sticky":false,"template":"","format":"standard","meta":{"footnotes":""},"categories":[15],"tags":[],"yoast_head":"<!-- This site is optimized with the Yoast SEO plugin v23.3 - https:\/\/yoast.com\/wordpress\/plugins\/seo\/ -->\n<title>Atendente Geral: Sal\u00e1rio Atraente, Jornada Parcial e Sem Necessidade de Experi\u00eancia - Cloud Byte 7<\/title>\n<meta name=\"robots\" content=\"index, follow, max-snippet:-1, max-image-preview:large, max-video-preview:-1\" \/>\n<link rel=\"canonical\" href=\"https:\/\/cloudbyte7.com\/ru\/d644f810-7f1f-4ece-9f35-45c3821b772d\/\" \/>\n<meta property=\"og:locale\" content=\"ru_RU\" \/>\n<meta property=\"og:type\" content=\"article\" \/>\n<meta property=\"og:title\" content=\"Atendente Geral: Sal\u00e1rio Atraente, Jornada Parcial e Sem Necessidade de Experi\u00eancia - Cloud Byte 7\" \/>\n<meta property=\"og:description\" content=\"Conhe\u00e7a os detalhes da vaga de Atendente Geral, com sal\u00e1rio entre R$ 1.000 e R$ 1.200, jornada parcial, sem exigir experi\u00eancia e ideal para quem busca come\u00e7ar na \u00e1rea. Confira a an\u00e1lise completa!\" \/>\n<meta property=\"og:url\" content=\"https:\/\/cloudbyte7.com\/ru\/d644f810-7f1f-4ece-9f35-45c3821b772d\/\" \/>\n<meta property=\"og:site_name\" content=\"Cloud Byte 7\" \/>\n<meta property=\"article:published_time\" content=\"2025-12-10T09:12:00+00:00\" \/>\n<meta property=\"article:modified_time\" content=\"2025-12-10T09:12:56+00:00\" \/>\n<meta name=\"author\" content=\"Bruno Gianni\" \/>\n<meta name=\"twitter:card\" content=\"summary_large_image\" \/>\n<meta name=\"twitter:label1\" content=\"Written by\" \/>\n\t<meta name=\"twitter:data1\" content=\"Bruno Gianni\" \/>\n\t<meta name=\"twitter:label2\" content=\"Est. reading time\" \/>\n\t<meta name=\"twitter:data2\" content=\"2 \u043c\u0438\u043d\u0443\u0442\u044b\" \/>\n<script type=\"application\/ld+json\" class=\"yoast-schema-graph\">{\"@context\":\"https:\/\/schema.org\",\"@graph\":[{\"@type\":\"WebPage\",\"@id\":\"https:\/\/cloudbyte7.com\/d644f810-7f1f-4ece-9f35-45c3821b772d\/\",\"url\":\"https:\/\/cloudbyte7.com\/d644f810-7f1f-4ece-9f35-45c3821b772d\/\",\"name\":\"Atendente Geral: Sal\u00e1rio Atraente, Jornada Parcial e Sem Necessidade de Experi\u00eancia - Cloud Byte 7\",\"isPartOf\":{\"@id\":\"https:\/\/cloudbyte7.com\/#website\"},\"datePublished\":\"2025-12-10T09:12:00+00:00\",\"dateModified\":\"2025-12-10T09:12:56+00:00\",\"author\":{\"@id\":\"https:\/\/cloudbyte7.com\/#\/schema\/person\/d52888235fd6563bd07d97185d6a61e4\"},\"breadcrumb\":{\"@id\":\"https:\/\/cloudbyte7.com\/d644f810-7f1f-4ece-9f35-45c3821b772d\/#breadcrumb\"},\"inLanguage\":\"ru-RU\",\"potentialAction\":[{\"@type\":\"ReadAction\",\"target\":[\"https:\/\/cloudbyte7.com\/d644f810-7f1f-4ece-9f35-45c3821b772d\/\"]}]},{\"@type\":\"BreadcrumbList\",\"@id\":\"https:\/\/cloudbyte7.com\/d644f810-7f1f-4ece-9f35-45c3821b772d\/#breadcrumb\",\"itemListElement\":[{\"@type\":\"ListItem\",\"position\":1,\"name\":\"Home\",\"item\":\"https:\/\/cloudbyte7.com\/\"},{\"@type\":\"ListItem\",\"position\":2,\"name\":\"Atendente Geral: Sal\u00e1rio Atraente, Jornada Parcial e Sem Necessidade de Experi\u00eancia\"}]},{\"@type\":\"WebSite\",\"@id\":\"https:\/\/cloudbyte7.com\/#website\",\"url\":\"https:\/\/cloudbyte7.com\/\",\"name\":\"Cloud Byte 7\",\"description\":\"\",\"potentialAction\":[{\"@type\":\"SearchAction\",\"target\":{\"@type\":\"EntryPoint\",\"urlTemplate\":\"https:\/\/cloudbyte7.com\/?s={search_term_string}\"},\"query-input\":\"required name=search_term_string\"}],\"inLanguage\":\"ru-RU\"},{\"@type\":\"Person\",\"@id\":\"https:\/\/cloudbyte7.com\/#\/schema\/person\/d52888235fd6563bd07d97185d6a61e4\",\"name\":\"Bruno Gianni\",\"image\":{\"@type\":\"ImageObject\",\"inLanguage\":\"ru-RU\",\"@id\":\"https:\/\/cloudbyte7.com\/#\/schema\/person\/image\/\",\"url\":\"https:\/\/secure.gravatar.com\/avatar\/0f5d42d7bf77874643c1478932860e3f?s=96&d=mm&r=g\",\"contentUrl\":\"https:\/\/secure.gravatar.com\/avatar\/0f5d42d7bf77874643c1478932860e3f?s=96&d=mm&r=g\",\"caption\":\"Bruno Gianni\"},\"description\":\"Bruno writes the way he lives, with curiosity, care, and respect for people. He likes to observe, listen, and try to understand what is happening on the other side before putting any words on the page.For him, writing is not about impressing, but about getting closer. It is about turning thoughts into something simple, clear, and real. Every text is an ongoing conversation, created with care and honesty, with the sincere intention of touching someone, somewhere along the way.\",\"url\":\"https:\/\/cloudbyte7.com\/ru\/author\/bcgianni\/\"}]}<\/script>\n<!-- \/ Yoast SEO plugin. -->","yoast_head_json":{"title":"Atendente Geral: Sal\u00e1rio Atraente, Jornada Parcial e Sem Necessidade de Experi\u00eancia - Cloud Byte 7","robots":{"index":"index","follow":"follow","max-snippet":"max-snippet:-1","max-image-preview":"max-image-preview:large","max-video-preview":"max-video-preview:-1"},"canonical":"https:\/\/cloudbyte7.com\/ru\/d644f810-7f1f-4ece-9f35-45c3821b772d\/","og_locale":"ru_RU","og_type":"article","og_title":"Atendente Geral: Sal\u00e1rio Atraente, Jornada Parcial e Sem Necessidade de Experi\u00eancia - Cloud Byte 7","og_description":"Conhe\u00e7a os detalhes da vaga de Atendente Geral, com sal\u00e1rio entre R$ 1.000 e R$ 1.200, jornada parcial, sem exigir experi\u00eancia e ideal para quem busca come\u00e7ar na \u00e1rea. Confira a an\u00e1lise completa!","og_url":"https:\/\/cloudbyte7.com\/ru\/d644f810-7f1f-4ece-9f35-45c3821b772d\/","og_site_name":"Cloud Byte 7","article_published_time":"2025-12-10T09:12:00+00:00","article_modified_time":"2025-12-10T09:12:56+00:00","author":"Bruno Gianni","twitter_card":"summary_large_image","twitter_misc":{"Written by":"Bruno Gianni","Est. reading time":"2 \u043c\u0438\u043d\u0443\u0442\u044b"},"schema":{"@context":"https:\/\/schema.org","@graph":[{"@type":"WebPage","@id":"https:\/\/cloudbyte7.com\/d644f810-7f1f-4ece-9f35-45c3821b772d\/","url":"https:\/\/cloudbyte7.com\/d644f810-7f1f-4ece-9f35-45c3821b772d\/","name":"Atendente Geral: Sal\u00e1rio Atraente, Jornada Parcial e Sem Necessidade de Experi\u00eancia - Cloud Byte 7","isPartOf":{"@id":"https:\/\/cloudbyte7.com\/#website"},"datePublished":"2025-12-10T09:12:00+00:00","dateModified":"2025-12-10T09:12:56+00:00","author":{"@id":"https:\/\/cloudbyte7.com\/#\/schema\/person\/d52888235fd6563bd07d97185d6a61e4"},"breadcrumb":{"@id":"https:\/\/cloudbyte7.com\/d644f810-7f1f-4ece-9f35-45c3821b772d\/#breadcrumb"},"inLanguage":"ru-RU","potentialAction":[{"@type":"ReadAction","target":["https:\/\/cloudbyte7.com\/d644f810-7f1f-4ece-9f35-45c3821b772d\/"]}]},{"@type":"BreadcrumbList","@id":"https:\/\/cloudbyte7.com\/d644f810-7f1f-4ece-9f35-45c3821b772d\/#breadcrumb","itemListElement":[{"@type":"ListItem","position":1,"name":"Home","item":"https:\/\/cloudbyte7.com\/"},{"@type":"ListItem","position":2,"name":"Atendente Geral: Sal\u00e1rio Atraente, Jornada Parcial e Sem Necessidade de Experi\u00eancia"}]},{"@type":"WebSite","@id":"https:\/\/cloudbyte7.com\/#website","url":"https:\/\/cloudbyte7.com\/","name":"Cloud Byte 7","description":"","potentialAction":[{"@type":"SearchAction","target":{"@type":"EntryPoint","urlTemplate":"https:\/\/cloudbyte7.com\/?s={search_term_string}"},"query-input":"required name=search_term_string"}],"inLanguage":"ru-RU"},{"@type":"Person","@id":"https:\/\/cloudbyte7.com\/#\/schema\/person\/d52888235fd6563bd07d97185d6a61e4","name":"Bruno Gianni","image":{"@type":"ImageObject","inLanguage":"ru-RU","@id":"https:\/\/cloudbyte7.com\/#\/schema\/person\/image\/","url":"https:\/\/secure.gravatar.com\/avatar\/0f5d42d7bf77874643c1478932860e3f?s=96&d=mm&r=g","contentUrl":"https:\/\/secure.gravatar.com\/avatar\/0f5d42d7bf77874643c1478932860e3f?s=96&d=mm&r=g","caption":"Bruno Gianni"},"description":"Bruno writes the way he lives, with curiosity, care, and respect for people. He likes to observe, listen, and try to understand what is happening on the other side before putting any words on the page.For him, writing is not about impressing, but about getting closer. It is about turning thoughts into something simple, clear, and real. Every text is an ongoing conversation, created with care and honesty, with the sincere intention of touching someone, somewhere along the way.","url":"https:\/\/cloudbyte7.com\/ru\/author\/bcgianni\/"}]}},"_links":{"self":[{"href":"https:\/\/cloudbyte7.com\/ru\/wp-json\/wp\/v2\/posts\/2332"}],"collection":[{"href":"https:\/\/cloudbyte7.com\/ru\/wp-json\/wp\/v2\/posts"}],"about":[{"href":"https:\/\/cloudbyte7.com\/ru\/wp-json\/wp\/v2\/types\/post"}],"author":[{"embeddable":true,"href":"https:\/\/cloudbyte7.com\/ru\/wp-json\/wp\/v2\/users\/3"}],"replies":[{"embeddable":true,"href":"https:\/\/cloudbyte7.com\/ru\/wp-json\/wp\/v2\/comments?post=2332"}],"version-history":[{"count":1,"href":"https:\/\/cloudbyte7.com\/ru\/wp-json\/wp\/v2\/posts\/2332\/revisions"}],"predecessor-version":[{"id":2341,"href":"https:\/\/cloudbyte7.com\/ru\/wp-json\/wp\/v2\/posts\/2332\/revisions\/2341"}],"wp:attachment":[{"href":"https:\/\/cloudbyte7.com\/ru\/wp-json\/wp\/v2\/media?parent=2332"}],"wp:term":[{"taxonomy":"category","embeddable":true,"href":"https:\/\/cloudbyte7.com\/ru\/wp-json\/wp\/v2\/categories?post=2332"},{"taxonomy":"post_tag","embeddable":true,"href":"https:\/\/cloudbyte7.com\/ru\/wp-json\/wp\/v2\/tags?post=2332"}],"curies":[{"name":"wp","href":"https:\/\/api.w.org\/{rel}","templated":true}]}}