{"id":2509,"date":"2025-12-10T09:56:00","date_gmt":"2025-12-10T09:56:00","guid":{"rendered":"https:\/\/cloudbyte7.com\/f1e4bbaa-466c-4023-b422-5c97a51717fe\/"},"modified":"2025-12-10T09:56:04","modified_gmt":"2025-12-10T09:56:04","slug":"f1e4bbaa-466c-4023-b422-5c97a51717fe","status":"publish","type":"post","link":"https:\/\/cloudbyte7.com\/ru\/f1e4bbaa-466c-4023-b422-5c97a51717fe\/","title":{"rendered":"Auxiliar Administrativo \u2013 Crescimento Profissional e Ambiente Colaborativo"},"content":{"rendered":"<div class=\"mx-5 sm:mx-0 prose text-left mb-5\">\n<\/p>\n<div style=\"background: #ffffff; border-radius: 12px; box-shadow: 0 10px 30px rgba(0, 0, 0, 0.1); width: 100%; max-width: 340px; padding: 25px; transition: transform 0.3s ease-in-out; overflow: visible; display: flex; flex-direction: column; position: relative; border: 1px solid #28a745; margin-top: 70px; margin-bottom: 50px; margin-left: auto; margin-right: auto;\">\n<div style=\"position: absolute; top: -35px; right: 15px; color: #28a745; padding: 5px 10px; border-radius: 6px; font-size: 14px; font-weight: bold; display: flex; align-items: center; z-index: 10;\">Recomendado para voc\u00ea<\/div>\n<div data-namespace-header=\"\" style=\"\">\n<h3 data-namespace-title=\"\" style=\"color: #333; font-size: 20px; font-weight: bold; text-align: left; margin-right: 50px; min-height: 50px; margin-top: 0px;\">\u0412\u0441\u043f\u043e\u043c\u043e\u0433\u0430\u0442\u0435\u043b\u044c\u043d\u044b\u0439 \u0430\u0434\u043c\u0438\u043d\u0438\u0441\u0442\u0440\u0430\u0442\u0438\u0432\u043d\u044b\u0439<\/h3>\n<\/p><\/div>\n<p data-namespace-prompt=\"\" style=\"font-size: 16px; color: #666; margin-bottom: 20px; line-height: 1.5; flex-grow: 1; text-align: left; margin-top: 0px;\">Auxiliar Administrativo com rotina variada, bom sal\u00e1rio, carga hor\u00e1ria flex\u00edvel. Requer organiza\u00e7\u00e3o, boa comunica\u00e7\u00e3o e vontade de aprender. Ambiente colaborativo garantido!<\/p>\n<p>    <a data-namespace-url=\"\" href=\"https:\/\/cloudbyte7.com\/ru\/redirect\/?https:\/\/br.jobrapido.com\/jobpreview\/8154983032743264256?utm_campaign=google_jobs_apply&#038;utm_source=google_jobs_apply&#038;utm_medium=organic\" style=\"width: 100%; display: inline-block; color: white; text-decoration: none; border-radius: 6px; font-size: 16px; font-weight: bold; text-align: center; transition: transform 0.3s ease, background 0.3s ease; margin-top: auto;\" data-namespace-id=\"5c0d2565-3ba9-4280-a382-ad2a691e2285\"><br \/>\n        <button style=\"width: 100%; height: 55px; background: #e9e9ed; border: 1px solid black; color: black;\">Candidatar-se \u00e0 vaga<\/button><br \/>\n    <\/a><br \/>\n    <small style=\"margin-top: 10px; color: #777; font-size: 12px; text-align: center; display: block;\">\u0413\u043e\u043b\u043e\u0441 \u0431\u0443\u0434\u0435\u0442 \u043f\u0435\u0440\u0435\u043d\u0430\u043f\u0440\u0430\u0432\u043b\u0435\u043d \u043d\u0430 \u043a\u043e\u043d\u0435\u0447\u043d\u044b\u0439 \u0441\u0430\u0439\u0442<\/small>\n<\/div>\n<p>A vaga de Auxiliar Administrativo oferece um sal\u00e1rio compat\u00edvel com o mercado e a contrata\u00e7\u00e3o \u00e9 CLT. O candidato ter\u00e1 acesso a benef\u00edcios, incluindo vale-transporte e possibilidade de home office parcial, conforme desempenho e alinhamento ao time. Os requisitos principais incluem ensino m\u00e9dio completo, facilidade com inform\u00e1tica e boa comunica\u00e7\u00e3o interpessoal.<\/p>\n<p>No dia a dia, o Auxiliar Administrativo organiza documentos, atende clientes internos e externos, gerencia correspond\u00eancias e auxilia em controles financeiros simples. A rotina envolve o uso de ferramentas digitais, participa\u00e7\u00e3o em reuni\u00f5es e colabora\u00e7\u00e3o nas demandas do setor.<\/p>\n<p>As tarefas ainda incluem apoio em processos de compras, atualiza\u00e7\u00e3o de planilhas eletr\u00f4nicas e aux\u00edlio em atividades burocr\u00e1ticas do RH. O contato frequente com equipes diversas oferece aprendizado pr\u00e1tico cont\u00ednuo. A agilidade na resolu\u00e7\u00e3o de demandas \u00e9 fundamental para o bom desempenho.<\/p>\n<h2>Principais Responsabilidades do Cargo<\/h2>\n<p>Entre as principais responsabilidades est\u00e3o o controle de entrada e sa\u00edda de correspond\u00eancias, atendimento telef\u00f4nico cordial, organiza\u00e7\u00e3o de arquivos e atualiza\u00e7\u00e3o de cadastros empresariais.<\/p>\n<p>O aux\u00edlio em processos administrativos, como emiss\u00e3o de notas fiscais, faz parte do dia a dia. O profissional precisa manter boa comunica\u00e7\u00e3o com fornecedores e clientes internos.<\/p>\n<p>O Auxiliar Administrativo tamb\u00e9m colabora em projetos especiais, conforme demandas espec\u00edficas do setor, mostrando proatividade e flexibilidade para aprender novas tarefas.<\/p>\n<p>Respons\u00e1vel por atualizar e manter sistemas de gest\u00e3o em dia, o profissional precisa estar atento aos detalhes para evitar erros administrativos.<\/p>\n<p>Por fim, o acompanhamento de planilhas financeiras e apoio ao setor de RH complementam o escopo do trabalho, promovendo integra\u00e7\u00e3o entre as \u00e1reas.<\/p>\n<h2>Vantagens da Vaga<\/h2>\n<p>O ambiente colaborativo \u00e9 um dos grandes diferenciais deste cargo. H\u00e1 constante troca entre equipes, e as oportunidades de aprendizado s\u00e3o frequentes.<\/p>\n<p>Outra vantagem est\u00e1 na flexibilidade da carga hor\u00e1ria, permitindo melhor concilia\u00e7\u00e3o com vida pessoal. Benef\u00edcios como vale-alimenta\u00e7\u00e3o e transporte agregam ao pacote atrativo.<\/p>\n<h2>Pontos a Considerar<\/h2>\n<p>O cargo exige grande aten\u00e7\u00e3o e capacidade de adapta\u00e7\u00e3o diante de novas demandas. Em per\u00edodos de pico, o volume de tarefas pode aumentar significativamente.<\/p>\n<p>\u00c9 importante tamb\u00e9m estar confort\u00e1vel com tecnologia, pois o uso de sistemas digitais \u00e9 constante. Organiza\u00e7\u00e3o e disciplina s\u00e3o primordiais para lidar com m\u00faltiplas tarefas.<\/p>\n<h2>\u0412\u0435\u0440\u0435\u0434\u0438\u0442\u043e<\/h2>\n<p>A vaga de Auxiliar Administrativo \u00e9 ideal para quem busca crescimento profissional e ambiente de trabalho saud\u00e1vel. Se voc\u00ea \u00e9 organizado e motivado, esta pode ser a sua chance!<\/p>\n<div style=\"background: #ffffff; border-radius: 12px; box-shadow: 0 10px 30px rgba(0, 0, 0, 0.1); width: 100%; max-width: 340px; padding: 25px; transition: transform 0.3s ease-in-out; overflow: visible; display: flex; flex-direction: column; position: relative; border: 1px solid #28a745; margin-top: 70px; margin-bottom: 50px; margin-left: auto; margin-right: auto;\">\n<div style=\"position: absolute; top: -35px; right: 15px; color: #28a745; padding: 5px 10px; border-radius: 6px; font-size: 14px; font-weight: bold; display: flex; align-items: center; z-index: 10;\">Recomendado para voc\u00ea<\/div>\n<div data-namespace-header=\"\" style=\"\">\n<h3 data-namespace-title=\"\" style=\"color: #333; font-size: 20px; font-weight: bold; text-align: left; margin-right: 50px; min-height: 50px; margin-top: 0px;\">\u0412\u0441\u043f\u043e\u043c\u043e\u0433\u0430\u0442\u0435\u043b\u044c\u043d\u044b\u0439 \u0430\u0434\u043c\u0438\u043d\u0438\u0441\u0442\u0440\u0430\u0442\u0438\u0432\u043d\u044b\u0439<\/h3>\n<\/p><\/div>\n<p data-namespace-prompt=\"\" style=\"font-size: 16px; color: #666; margin-bottom: 20px; line-height: 1.5; flex-grow: 1; text-align: left; margin-top: 0px;\">Auxiliar Administrativo com rotina variada, bom sal\u00e1rio, carga hor\u00e1ria flex\u00edvel. Requer organiza\u00e7\u00e3o, boa comunica\u00e7\u00e3o e vontade de aprender. Ambiente colaborativo garantido!<\/p>\n<p>    <a data-namespace-url=\"\" href=\"https:\/\/cloudbyte7.com\/ru\/redirect\/?https:\/\/br.jobrapido.com\/jobpreview\/8154983032743264256?utm_campaign=google_jobs_apply&#038;utm_source=google_jobs_apply&#038;utm_medium=organic\" style=\"width: 100%; display: inline-block; color: white; text-decoration: none; border-radius: 6px; font-size: 16px; font-weight: bold; text-align: center; transition: transform 0.3s ease, background 0.3s ease; margin-top: auto;\" data-namespace-id=\"5c0d2565-3ba9-4280-a382-ad2a691e2285\"><br \/>\n        <button style=\"width: 100%; height: 55px; background: #e9e9ed; border: 1px solid black; color: black;\">Candidatar-se \u00e0 vaga<\/button><br \/>\n    <\/a><br \/>\n    <small style=\"margin-top: 10px; color: #777; font-size: 12px; text-align: center; display: block;\">\u0413\u043e\u043b\u043e\u0441 \u0431\u0443\u0434\u0435\u0442 \u043f\u0435\u0440\u0435\u043d\u0430\u043f\u0440\u0430\u0432\u043b\u0435\u043d \u043d\u0430 \u043a\u043e\u043d\u0435\u0447\u043d\u044b\u0439 \u0441\u0430\u0439\u0442<\/small>\n<\/div>\n<\/div>","protected":false},"excerpt":{"rendered":"<p>Descubra tudo sobre a vaga de Auxiliar Administrativo: bom sal\u00e1rio, benef\u00edcios, ambiente colaborativo, rotina din\u00e2mica e oportunidades de crescimento profissional. Saiba os pr\u00f3s, contras e como se candidatar.<\/p>","protected":false},"author":3,"featured_media":0,"comment_status":"open","ping_status":"open","sticky":false,"template":"","format":"standard","meta":{"footnotes":""},"categories":[15],"tags":[],"yoast_head":"<!-- This site is optimized with the Yoast SEO plugin v23.3 - https:\/\/yoast.com\/wordpress\/plugins\/seo\/ -->\n<title>Auxiliar Administrativo \u2013 Crescimento Profissional e Ambiente Colaborativo - Cloud Byte 7<\/title>\n<meta name=\"robots\" content=\"index, follow, max-snippet:-1, max-image-preview:large, max-video-preview:-1\" \/>\n<link rel=\"canonical\" href=\"https:\/\/cloudbyte7.com\/ru\/f1e4bbaa-466c-4023-b422-5c97a51717fe\/\" \/>\n<meta property=\"og:locale\" content=\"ru_RU\" \/>\n<meta property=\"og:type\" content=\"article\" \/>\n<meta property=\"og:title\" content=\"Auxiliar Administrativo \u2013 Crescimento Profissional e Ambiente Colaborativo - Cloud Byte 7\" \/>\n<meta property=\"og:description\" content=\"Descubra tudo sobre a vaga de Auxiliar Administrativo: bom sal\u00e1rio, benef\u00edcios, ambiente colaborativo, rotina din\u00e2mica e oportunidades de crescimento profissional. Saiba os pr\u00f3s, contras e como se candidatar.\" \/>\n<meta property=\"og:url\" content=\"https:\/\/cloudbyte7.com\/ru\/f1e4bbaa-466c-4023-b422-5c97a51717fe\/\" \/>\n<meta property=\"og:site_name\" content=\"Cloud Byte 7\" \/>\n<meta property=\"article:published_time\" content=\"2025-12-10T09:56:00+00:00\" \/>\n<meta property=\"article:modified_time\" content=\"2025-12-10T09:56:04+00:00\" \/>\n<meta name=\"author\" content=\"Bruno Gianni\" \/>\n<meta name=\"twitter:card\" content=\"summary_large_image\" \/>\n<meta name=\"twitter:label1\" content=\"Written by\" \/>\n\t<meta name=\"twitter:data1\" content=\"Bruno Gianni\" \/>\n\t<meta name=\"twitter:label2\" content=\"Est. reading time\" \/>\n\t<meta name=\"twitter:data2\" content=\"2 \u043c\u0438\u043d\u0443\u0442\u044b\" \/>\n<script type=\"application\/ld+json\" class=\"yoast-schema-graph\">{\"@context\":\"https:\/\/schema.org\",\"@graph\":[{\"@type\":\"WebPage\",\"@id\":\"https:\/\/cloudbyte7.com\/f1e4bbaa-466c-4023-b422-5c97a51717fe\/\",\"url\":\"https:\/\/cloudbyte7.com\/f1e4bbaa-466c-4023-b422-5c97a51717fe\/\",\"name\":\"Auxiliar Administrativo \u2013 Crescimento Profissional e Ambiente Colaborativo - Cloud Byte 7\",\"isPartOf\":{\"@id\":\"https:\/\/cloudbyte7.com\/#website\"},\"datePublished\":\"2025-12-10T09:56:00+00:00\",\"dateModified\":\"2025-12-10T09:56:04+00:00\",\"author\":{\"@id\":\"https:\/\/cloudbyte7.com\/#\/schema\/person\/d52888235fd6563bd07d97185d6a61e4\"},\"breadcrumb\":{\"@id\":\"https:\/\/cloudbyte7.com\/f1e4bbaa-466c-4023-b422-5c97a51717fe\/#breadcrumb\"},\"inLanguage\":\"ru-RU\",\"potentialAction\":[{\"@type\":\"ReadAction\",\"target\":[\"https:\/\/cloudbyte7.com\/f1e4bbaa-466c-4023-b422-5c97a51717fe\/\"]}]},{\"@type\":\"BreadcrumbList\",\"@id\":\"https:\/\/cloudbyte7.com\/f1e4bbaa-466c-4023-b422-5c97a51717fe\/#breadcrumb\",\"itemListElement\":[{\"@type\":\"ListItem\",\"position\":1,\"name\":\"Home\",\"item\":\"https:\/\/cloudbyte7.com\/\"},{\"@type\":\"ListItem\",\"position\":2,\"name\":\"Auxiliar Administrativo \u2013 Crescimento Profissional e Ambiente Colaborativo\"}]},{\"@type\":\"WebSite\",\"@id\":\"https:\/\/cloudbyte7.com\/#website\",\"url\":\"https:\/\/cloudbyte7.com\/\",\"name\":\"Cloud Byte 7\",\"description\":\"\",\"potentialAction\":[{\"@type\":\"SearchAction\",\"target\":{\"@type\":\"EntryPoint\",\"urlTemplate\":\"https:\/\/cloudbyte7.com\/?s={search_term_string}\"},\"query-input\":\"required name=search_term_string\"}],\"inLanguage\":\"ru-RU\"},{\"@type\":\"Person\",\"@id\":\"https:\/\/cloudbyte7.com\/#\/schema\/person\/d52888235fd6563bd07d97185d6a61e4\",\"name\":\"Bruno Gianni\",\"image\":{\"@type\":\"ImageObject\",\"inLanguage\":\"ru-RU\",\"@id\":\"https:\/\/cloudbyte7.com\/#\/schema\/person\/image\/\",\"url\":\"https:\/\/secure.gravatar.com\/avatar\/0f5d42d7bf77874643c1478932860e3f?s=96&d=mm&r=g\",\"contentUrl\":\"https:\/\/secure.gravatar.com\/avatar\/0f5d42d7bf77874643c1478932860e3f?s=96&d=mm&r=g\",\"caption\":\"Bruno Gianni\"},\"description\":\"Bruno writes the way he lives, with curiosity, care, and respect for people. He likes to observe, listen, and try to understand what is happening on the other side before putting any words on the page.For him, writing is not about impressing, but about getting closer. It is about turning thoughts into something simple, clear, and real. Every text is an ongoing conversation, created with care and honesty, with the sincere intention of touching someone, somewhere along the way.\",\"url\":\"https:\/\/cloudbyte7.com\/ru\/author\/bcgianni\/\"}]}<\/script>\n<!-- \/ Yoast SEO plugin. -->","yoast_head_json":{"title":"Auxiliar Administrativo \u2013 Crescimento Profissional e Ambiente Colaborativo - Cloud Byte 7","robots":{"index":"index","follow":"follow","max-snippet":"max-snippet:-1","max-image-preview":"max-image-preview:large","max-video-preview":"max-video-preview:-1"},"canonical":"https:\/\/cloudbyte7.com\/ru\/f1e4bbaa-466c-4023-b422-5c97a51717fe\/","og_locale":"ru_RU","og_type":"article","og_title":"Auxiliar Administrativo \u2013 Crescimento Profissional e Ambiente Colaborativo - Cloud Byte 7","og_description":"Descubra tudo sobre a vaga de Auxiliar Administrativo: bom sal\u00e1rio, benef\u00edcios, ambiente colaborativo, rotina din\u00e2mica e oportunidades de crescimento profissional. Saiba os pr\u00f3s, contras e como se candidatar.","og_url":"https:\/\/cloudbyte7.com\/ru\/f1e4bbaa-466c-4023-b422-5c97a51717fe\/","og_site_name":"Cloud Byte 7","article_published_time":"2025-12-10T09:56:00+00:00","article_modified_time":"2025-12-10T09:56:04+00:00","author":"Bruno Gianni","twitter_card":"summary_large_image","twitter_misc":{"Written by":"Bruno Gianni","Est. reading time":"2 \u043c\u0438\u043d\u0443\u0442\u044b"},"schema":{"@context":"https:\/\/schema.org","@graph":[{"@type":"WebPage","@id":"https:\/\/cloudbyte7.com\/f1e4bbaa-466c-4023-b422-5c97a51717fe\/","url":"https:\/\/cloudbyte7.com\/f1e4bbaa-466c-4023-b422-5c97a51717fe\/","name":"Auxiliar Administrativo \u2013 Crescimento Profissional e Ambiente Colaborativo - Cloud Byte 7","isPartOf":{"@id":"https:\/\/cloudbyte7.com\/#website"},"datePublished":"2025-12-10T09:56:00+00:00","dateModified":"2025-12-10T09:56:04+00:00","author":{"@id":"https:\/\/cloudbyte7.com\/#\/schema\/person\/d52888235fd6563bd07d97185d6a61e4"},"breadcrumb":{"@id":"https:\/\/cloudbyte7.com\/f1e4bbaa-466c-4023-b422-5c97a51717fe\/#breadcrumb"},"inLanguage":"ru-RU","potentialAction":[{"@type":"ReadAction","target":["https:\/\/cloudbyte7.com\/f1e4bbaa-466c-4023-b422-5c97a51717fe\/"]}]},{"@type":"BreadcrumbList","@id":"https:\/\/cloudbyte7.com\/f1e4bbaa-466c-4023-b422-5c97a51717fe\/#breadcrumb","itemListElement":[{"@type":"ListItem","position":1,"name":"Home","item":"https:\/\/cloudbyte7.com\/"},{"@type":"ListItem","position":2,"name":"Auxiliar Administrativo \u2013 Crescimento Profissional e Ambiente Colaborativo"}]},{"@type":"WebSite","@id":"https:\/\/cloudbyte7.com\/#website","url":"https:\/\/cloudbyte7.com\/","name":"Cloud Byte 7","description":"","potentialAction":[{"@type":"SearchAction","target":{"@type":"EntryPoint","urlTemplate":"https:\/\/cloudbyte7.com\/?s={search_term_string}"},"query-input":"required name=search_term_string"}],"inLanguage":"ru-RU"},{"@type":"Person","@id":"https:\/\/cloudbyte7.com\/#\/schema\/person\/d52888235fd6563bd07d97185d6a61e4","name":"Bruno Gianni","image":{"@type":"ImageObject","inLanguage":"ru-RU","@id":"https:\/\/cloudbyte7.com\/#\/schema\/person\/image\/","url":"https:\/\/secure.gravatar.com\/avatar\/0f5d42d7bf77874643c1478932860e3f?s=96&d=mm&r=g","contentUrl":"https:\/\/secure.gravatar.com\/avatar\/0f5d42d7bf77874643c1478932860e3f?s=96&d=mm&r=g","caption":"Bruno Gianni"},"description":"Bruno writes the way he lives, with curiosity, care, and respect for people. He likes to observe, listen, and try to understand what is happening on the other side before putting any words on the page.For him, writing is not about impressing, but about getting closer. It is about turning thoughts into something simple, clear, and real. Every text is an ongoing conversation, created with care and honesty, with the sincere intention of touching someone, somewhere along the way.","url":"https:\/\/cloudbyte7.com\/ru\/author\/bcgianni\/"}]}},"_links":{"self":[{"href":"https:\/\/cloudbyte7.com\/ru\/wp-json\/wp\/v2\/posts\/2509"}],"collection":[{"href":"https:\/\/cloudbyte7.com\/ru\/wp-json\/wp\/v2\/posts"}],"about":[{"href":"https:\/\/cloudbyte7.com\/ru\/wp-json\/wp\/v2\/types\/post"}],"author":[{"embeddable":true,"href":"https:\/\/cloudbyte7.com\/ru\/wp-json\/wp\/v2\/users\/3"}],"replies":[{"embeddable":true,"href":"https:\/\/cloudbyte7.com\/ru\/wp-json\/wp\/v2\/comments?post=2509"}],"version-history":[{"count":1,"href":"https:\/\/cloudbyte7.com\/ru\/wp-json\/wp\/v2\/posts\/2509\/revisions"}],"predecessor-version":[{"id":2523,"href":"https:\/\/cloudbyte7.com\/ru\/wp-json\/wp\/v2\/posts\/2509\/revisions\/2523"}],"wp:attachment":[{"href":"https:\/\/cloudbyte7.com\/ru\/wp-json\/wp\/v2\/media?parent=2509"}],"wp:term":[{"taxonomy":"category","embeddable":true,"href":"https:\/\/cloudbyte7.com\/ru\/wp-json\/wp\/v2\/categories?post=2509"},{"taxonomy":"post_tag","embeddable":true,"href":"https:\/\/cloudbyte7.com\/ru\/wp-json\/wp\/v2\/tags?post=2509"}],"curies":[{"name":"wp","href":"https:\/\/api.w.org\/{rel}","templated":true}]}}