{"id":3115,"date":"2025-12-11T06:04:00","date_gmt":"2025-12-11T06:04:00","guid":{"rendered":"https:\/\/cloudbyte7.com\/ffc5a79f-f6fb-4461-9fbc-fdf0d0d24006\/"},"modified":"2025-12-11T06:04:17","modified_gmt":"2025-12-11T06:04:17","slug":"ffc5a79f-f6fb-4461-9fbc-fdf0d0d24006","status":"publish","type":"post","link":"https:\/\/cloudbyte7.com\/ru\/ffc5a79f-f6fb-4461-9fbc-fdf0d0d24006\/","title":{"rendered":"Vaga de Atendente de Recep\u00e7\u00e3o: CLT, Benef\u00edcios e Crescimento Profissional"},"content":{"rendered":"<div class=\"mx-5 sm:mx-0 prose text-left mb-5\">\n<\/p>\n<div style=\"background: #ffffff; border-radius: 12px; box-shadow: 0 10px 30px rgba(0, 0, 0, 0.1); width: 100%; max-width: 340px; padding: 25px; transition: transform 0.3s ease-in-out; overflow: visible; display: flex; flex-direction: column; position: relative; border: 1px solid #28a745; margin-top: 70px; margin-bottom: 50px; margin-left: auto; margin-right: auto;\">\n<div style=\"position: absolute; top: -35px; right: 15px; color: #28a745; padding: 5px 10px; border-radius: 6px; font-size: 14px; font-weight: bold; display: flex; align-items: center; z-index: 10;\">Recomendado para voc\u00ea<\/div>\n<div data-namespace-header=\"\" style=\"\">\n<h3 data-namespace-title=\"\" style=\"color: #333; font-size: 20px; font-weight: bold; text-align: left; margin-right: 50px; min-height: 50px; margin-top: 0px;\">Atendente de Recep\u00e7\u00e3o<\/h3>\n<\/p><\/div>\n<p data-namespace-prompt=\"\" style=\"font-size: 16px; color: #666; margin-bottom: 20px; line-height: 1.5; flex-grow: 1; text-align: left; margin-top: 0px;\">Oportunidade CLT para atuar com atendimento, organiza\u00e7\u00e3o de agenda, suporte administrativo e uso de sistemas. Benef\u00edcios como assist\u00eancia m\u00e9dica e participa\u00e7\u00e3o nos lucros.<\/p>\n<p>    <a data-namespace-url=\"\" href=\"https:\/\/cloudbyte7.com\/ru\/redirect\/?https:\/\/www.catho.com.br\/vagas\/atendente-recepcao\/34485081\/?utm_campaign=google_jobs_apply&#038;utm_source=google_jobs_apply&#038;utm_medium=organic\" style=\"width: 100%; display: inline-block; color: white; text-decoration: none; border-radius: 6px; font-size: 16px; font-weight: bold; text-align: center; transition: transform 0.3s ease, background 0.3s ease; margin-top: auto;\" data-namespace-id=\"5c0d2565-3ba9-4280-a382-ad2a691e2285\"><br \/>\n        <button style=\"width: 100%; height: 55px; background: #e9e9ed; border: 1px solid black; color: black;\">Candidatar \u00e0 vaga<\/button><br \/>\n    <\/a><br \/>\n    <small style=\"margin-top: 10px; color: #777; font-size: 12px; text-align: center; display: block;\">\u0413\u043e\u043b\u043e\u0441 \u0431\u0443\u0434\u0435\u0442 \u043f\u0435\u0440\u0435\u043d\u0430\u043f\u0440\u0430\u0432\u043b\u0435\u043d \u043d\u0430 \u043a\u043e\u043d\u0435\u0447\u043d\u044b\u0439 \u0441\u0430\u0439\u0442<\/small>\n<\/div>\n<p>Se voc\u00ea est\u00e1 buscando um novo desafio profissional, a vaga de Atendente de Recep\u00e7\u00e3o oferece ambiente din\u00e2mico de trabalho em regime CLT com 44 horas semanais. Entre os benef\u00edcios est\u00e3o assist\u00eancia m\u00e9dica, conv\u00eanio com farm\u00e1cias, t\u00edquete refei\u00e7\u00e3o, vale transporte e participa\u00e7\u00e3o nos lucros. N\u00e3o foram informados detalhes de sal\u00e1rio, mas a perspectiva \u00e9 de crescimento, especialmente para quem tem ensino m\u00e9dio completo e dom\u00ednio b\u00e1sico de inform\u00e1tica.<\/p>\n<h2>Principais responsabilidades do Atendente de Recep\u00e7\u00e3o<\/h2>\n<p>No dia a dia, espera-se que o atendente seja respons\u00e1vel pelo agendamento de consultas e exames, auxiliando tanto pacientes quanto a equipe m\u00e9dica.<\/p>\n<p>Al\u00e9m dessas fun\u00e7\u00f5es, dever\u00e1 organizar a agenda m\u00e9dica, atuar no atendimento telef\u00f4nico e presencial, suportar rotinas administrativas e operar sistemas da cl\u00ednica.<\/p>\n<p>A comunica\u00e7\u00e3o verbal e escrita precisa ser excelente, especialmente para promover o contato eficaz com o p\u00fablico.<\/p>\n<p>Conhecimento em t\u00e9cnicas de vendas e negocia\u00e7\u00e3o s\u00e3o diferenciais relevantes, utilizando o Pacote Office com fluidez no suporte di\u00e1rio.<\/p>\n<p>No geral, o atendente precisa demonstrar versatilidade e proatividade para lidar com demandas variadas do ambiente de recep\u00e7\u00e3o.<\/p>\n<h2>Vantagens do emprego<\/h2>\n<p>Um dos grandes atrativos \u00e9 o pacote de benef\u00edcios bem estruturado, proporcionando estabilidade e seguran\u00e7a ao colaborador.<\/p>\n<p>A jornada de 44 horas semanais no regime CLT facilita o planejamento pessoal, al\u00e9m de garantir direitos trabalhistas e possibilidade de participa\u00e7\u00e3o nos lucros.<\/p>\n<p>O ambiente de uma cl\u00ednica pode trazer rotinas menos estressantes em compara\u00e7\u00e3o a empregos de vendas ou metas extremas.<\/p>\n<p>Al\u00e9m disso, o conv\u00edvio com diferentes profissionais amplia as oportunidades de aprendizado e networking para futuras posi\u00e7\u00f5es.<\/p>\n<h2>Pontos a considerar<\/h2>\n<p>O atendimento ao p\u00fablico pode ser desafiador para quem prefere ambientes de trabalho mais reservados ou sem contato direto com clientes.<\/p>\n<p>A rotina pode ser repetitiva em determinados per\u00edodos e, por vezes, exigir paci\u00eancia com pessoas em situa\u00e7\u00e3o de vulnerabilidade.<\/p>\n<h2>Veredito final<\/h2>\n<p>Se voc\u00ea busca estabilidade, pacote de benef\u00edcios relevante e gosta de trabalhar com p\u00fablico, esta vaga pode ser a combina\u00e7\u00e3o perfeita. Invista em comunica\u00e7\u00e3o e habilidades administrativas para se destacar.<\/p>\n<div style=\"background: #ffffff; border-radius: 12px; box-shadow: 0 10px 30px rgba(0, 0, 0, 0.1); width: 100%; max-width: 340px; padding: 25px; transition: transform 0.3s ease-in-out; overflow: visible; display: flex; flex-direction: column; position: relative; border: 1px solid #28a745; margin-top: 70px; margin-bottom: 50px; margin-left: auto; margin-right: auto;\">\n<div style=\"position: absolute; top: -35px; right: 15px; color: #28a745; padding: 5px 10px; border-radius: 6px; font-size: 14px; font-weight: bold; display: flex; align-items: center; z-index: 10;\">Recomendado para voc\u00ea<\/div>\n<div data-namespace-header=\"\" style=\"\">\n<h3 data-namespace-title=\"\" style=\"color: #333; font-size: 20px; font-weight: bold; text-align: left; margin-right: 50px; min-height: 50px; margin-top: 0px;\">Atendente de Recep\u00e7\u00e3o<\/h3>\n<\/p><\/div>\n<p data-namespace-prompt=\"\" style=\"font-size: 16px; color: #666; margin-bottom: 20px; line-height: 1.5; flex-grow: 1; text-align: left; margin-top: 0px;\">Oportunidade CLT para atuar com atendimento, organiza\u00e7\u00e3o de agenda, suporte administrativo e uso de sistemas. Benef\u00edcios como assist\u00eancia m\u00e9dica e participa\u00e7\u00e3o nos lucros.<\/p>\n<p>    <a data-namespace-url=\"\" href=\"https:\/\/cloudbyte7.com\/ru\/redirect\/?https:\/\/www.catho.com.br\/vagas\/atendente-recepcao\/34485081\/?utm_campaign=google_jobs_apply&#038;utm_source=google_jobs_apply&#038;utm_medium=organic\" style=\"width: 100%; display: inline-block; color: white; text-decoration: none; border-radius: 6px; font-size: 16px; font-weight: bold; text-align: center; transition: transform 0.3s ease, background 0.3s ease; margin-top: auto;\" data-namespace-id=\"5c0d2565-3ba9-4280-a382-ad2a691e2285\"><br \/>\n        <button style=\"width: 100%; height: 55px; background: #e9e9ed; border: 1px solid black; color: black;\">Candidatar \u00e0 vaga<\/button><br \/>\n    <\/a><br \/>\n    <small style=\"margin-top: 10px; color: #777; font-size: 12px; text-align: center; display: block;\">\u0413\u043e\u043b\u043e\u0441 \u0431\u0443\u0434\u0435\u0442 \u043f\u0435\u0440\u0435\u043d\u0430\u043f\u0440\u0430\u0432\u043b\u0435\u043d \u043d\u0430 \u043a\u043e\u043d\u0435\u0447\u043d\u044b\u0439 \u0441\u0430\u0439\u0442<\/small>\n<\/div>\n<\/div>","protected":false},"excerpt":{"rendered":"<p>Descubra a vaga de atendente de recep\u00e7\u00e3o com benef\u00edcios, CLT e estabilidade. Veja pr\u00f3s, contras e se candidate para fazer parte dessa equipe profissional agora mesmo.<\/p>","protected":false},"author":3,"featured_media":0,"comment_status":"open","ping_status":"open","sticky":false,"template":"","format":"standard","meta":{"footnotes":""},"categories":[15],"tags":[],"yoast_head":"<!-- This site is optimized with the Yoast SEO plugin v23.3 - https:\/\/yoast.com\/wordpress\/plugins\/seo\/ -->\n<title>Vaga de Atendente de Recep\u00e7\u00e3o: CLT, Benef\u00edcios e Crescimento Profissional - Cloud Byte 7<\/title>\n<meta name=\"robots\" content=\"index, follow, max-snippet:-1, max-image-preview:large, max-video-preview:-1\" \/>\n<link rel=\"canonical\" href=\"https:\/\/cloudbyte7.com\/ru\/ffc5a79f-f6fb-4461-9fbc-fdf0d0d24006\/\" \/>\n<meta property=\"og:locale\" content=\"ru_RU\" \/>\n<meta property=\"og:type\" content=\"article\" \/>\n<meta property=\"og:title\" content=\"Vaga de Atendente de Recep\u00e7\u00e3o: CLT, Benef\u00edcios e Crescimento Profissional - Cloud Byte 7\" \/>\n<meta property=\"og:description\" content=\"Descubra a vaga de atendente de recep\u00e7\u00e3o com benef\u00edcios, CLT e estabilidade. Veja pr\u00f3s, contras e se candidate para fazer parte dessa equipe profissional agora mesmo.\" \/>\n<meta property=\"og:url\" content=\"https:\/\/cloudbyte7.com\/ru\/ffc5a79f-f6fb-4461-9fbc-fdf0d0d24006\/\" \/>\n<meta property=\"og:site_name\" content=\"Cloud Byte 7\" \/>\n<meta property=\"article:published_time\" content=\"2025-12-11T06:04:00+00:00\" \/>\n<meta property=\"article:modified_time\" content=\"2025-12-11T06:04:17+00:00\" \/>\n<meta name=\"author\" content=\"Bruno Gianni\" \/>\n<meta name=\"twitter:card\" content=\"summary_large_image\" \/>\n<meta name=\"twitter:label1\" content=\"Written by\" \/>\n\t<meta name=\"twitter:data1\" content=\"Bruno Gianni\" \/>\n\t<meta name=\"twitter:label2\" content=\"Est. reading time\" \/>\n\t<meta name=\"twitter:data2\" content=\"2 \u043c\u0438\u043d\u0443\u0442\u044b\" \/>\n<script type=\"application\/ld+json\" class=\"yoast-schema-graph\">{\"@context\":\"https:\/\/schema.org\",\"@graph\":[{\"@type\":\"WebPage\",\"@id\":\"https:\/\/cloudbyte7.com\/ffc5a79f-f6fb-4461-9fbc-fdf0d0d24006\/\",\"url\":\"https:\/\/cloudbyte7.com\/ffc5a79f-f6fb-4461-9fbc-fdf0d0d24006\/\",\"name\":\"Vaga de Atendente de Recep\u00e7\u00e3o: CLT, Benef\u00edcios e Crescimento Profissional - Cloud Byte 7\",\"isPartOf\":{\"@id\":\"https:\/\/cloudbyte7.com\/#website\"},\"datePublished\":\"2025-12-11T06:04:00+00:00\",\"dateModified\":\"2025-12-11T06:04:17+00:00\",\"author\":{\"@id\":\"https:\/\/cloudbyte7.com\/#\/schema\/person\/d52888235fd6563bd07d97185d6a61e4\"},\"breadcrumb\":{\"@id\":\"https:\/\/cloudbyte7.com\/ffc5a79f-f6fb-4461-9fbc-fdf0d0d24006\/#breadcrumb\"},\"inLanguage\":\"ru-RU\",\"potentialAction\":[{\"@type\":\"ReadAction\",\"target\":[\"https:\/\/cloudbyte7.com\/ffc5a79f-f6fb-4461-9fbc-fdf0d0d24006\/\"]}]},{\"@type\":\"BreadcrumbList\",\"@id\":\"https:\/\/cloudbyte7.com\/ffc5a79f-f6fb-4461-9fbc-fdf0d0d24006\/#breadcrumb\",\"itemListElement\":[{\"@type\":\"ListItem\",\"position\":1,\"name\":\"Home\",\"item\":\"https:\/\/cloudbyte7.com\/\"},{\"@type\":\"ListItem\",\"position\":2,\"name\":\"Vaga de Atendente de Recep\u00e7\u00e3o: CLT, Benef\u00edcios e Crescimento Profissional\"}]},{\"@type\":\"WebSite\",\"@id\":\"https:\/\/cloudbyte7.com\/#website\",\"url\":\"https:\/\/cloudbyte7.com\/\",\"name\":\"Cloud Byte 7\",\"description\":\"\",\"potentialAction\":[{\"@type\":\"SearchAction\",\"target\":{\"@type\":\"EntryPoint\",\"urlTemplate\":\"https:\/\/cloudbyte7.com\/?s={search_term_string}\"},\"query-input\":\"required name=search_term_string\"}],\"inLanguage\":\"ru-RU\"},{\"@type\":\"Person\",\"@id\":\"https:\/\/cloudbyte7.com\/#\/schema\/person\/d52888235fd6563bd07d97185d6a61e4\",\"name\":\"Bruno Gianni\",\"image\":{\"@type\":\"ImageObject\",\"inLanguage\":\"ru-RU\",\"@id\":\"https:\/\/cloudbyte7.com\/#\/schema\/person\/image\/\",\"url\":\"https:\/\/secure.gravatar.com\/avatar\/0f5d42d7bf77874643c1478932860e3f?s=96&d=mm&r=g\",\"contentUrl\":\"https:\/\/secure.gravatar.com\/avatar\/0f5d42d7bf77874643c1478932860e3f?s=96&d=mm&r=g\",\"caption\":\"Bruno Gianni\"},\"description\":\"Bruno writes the way he lives, with curiosity, care, and respect for people. He likes to observe, listen, and try to understand what is happening on the other side before putting any words on the page.For him, writing is not about impressing, but about getting closer. It is about turning thoughts into something simple, clear, and real. Every text is an ongoing conversation, created with care and honesty, with the sincere intention of touching someone, somewhere along the way.\",\"url\":\"https:\/\/cloudbyte7.com\/ru\/author\/bcgianni\/\"}]}<\/script>\n<!-- \/ Yoast SEO plugin. -->","yoast_head_json":{"title":"Vaga de Atendente de Recep\u00e7\u00e3o: CLT, Benef\u00edcios e Crescimento Profissional - Cloud Byte 7","robots":{"index":"index","follow":"follow","max-snippet":"max-snippet:-1","max-image-preview":"max-image-preview:large","max-video-preview":"max-video-preview:-1"},"canonical":"https:\/\/cloudbyte7.com\/ru\/ffc5a79f-f6fb-4461-9fbc-fdf0d0d24006\/","og_locale":"ru_RU","og_type":"article","og_title":"Vaga de Atendente de Recep\u00e7\u00e3o: CLT, Benef\u00edcios e Crescimento Profissional - Cloud Byte 7","og_description":"Descubra a vaga de atendente de recep\u00e7\u00e3o com benef\u00edcios, CLT e estabilidade. Veja pr\u00f3s, contras e se candidate para fazer parte dessa equipe profissional agora mesmo.","og_url":"https:\/\/cloudbyte7.com\/ru\/ffc5a79f-f6fb-4461-9fbc-fdf0d0d24006\/","og_site_name":"Cloud Byte 7","article_published_time":"2025-12-11T06:04:00+00:00","article_modified_time":"2025-12-11T06:04:17+00:00","author":"Bruno Gianni","twitter_card":"summary_large_image","twitter_misc":{"Written by":"Bruno Gianni","Est. reading time":"2 \u043c\u0438\u043d\u0443\u0442\u044b"},"schema":{"@context":"https:\/\/schema.org","@graph":[{"@type":"WebPage","@id":"https:\/\/cloudbyte7.com\/ffc5a79f-f6fb-4461-9fbc-fdf0d0d24006\/","url":"https:\/\/cloudbyte7.com\/ffc5a79f-f6fb-4461-9fbc-fdf0d0d24006\/","name":"Vaga de Atendente de Recep\u00e7\u00e3o: CLT, Benef\u00edcios e Crescimento Profissional - Cloud Byte 7","isPartOf":{"@id":"https:\/\/cloudbyte7.com\/#website"},"datePublished":"2025-12-11T06:04:00+00:00","dateModified":"2025-12-11T06:04:17+00:00","author":{"@id":"https:\/\/cloudbyte7.com\/#\/schema\/person\/d52888235fd6563bd07d97185d6a61e4"},"breadcrumb":{"@id":"https:\/\/cloudbyte7.com\/ffc5a79f-f6fb-4461-9fbc-fdf0d0d24006\/#breadcrumb"},"inLanguage":"ru-RU","potentialAction":[{"@type":"ReadAction","target":["https:\/\/cloudbyte7.com\/ffc5a79f-f6fb-4461-9fbc-fdf0d0d24006\/"]}]},{"@type":"BreadcrumbList","@id":"https:\/\/cloudbyte7.com\/ffc5a79f-f6fb-4461-9fbc-fdf0d0d24006\/#breadcrumb","itemListElement":[{"@type":"ListItem","position":1,"name":"Home","item":"https:\/\/cloudbyte7.com\/"},{"@type":"ListItem","position":2,"name":"Vaga de Atendente de Recep\u00e7\u00e3o: CLT, Benef\u00edcios e Crescimento Profissional"}]},{"@type":"WebSite","@id":"https:\/\/cloudbyte7.com\/#website","url":"https:\/\/cloudbyte7.com\/","name":"Cloud Byte 7","description":"","potentialAction":[{"@type":"SearchAction","target":{"@type":"EntryPoint","urlTemplate":"https:\/\/cloudbyte7.com\/?s={search_term_string}"},"query-input":"required name=search_term_string"}],"inLanguage":"ru-RU"},{"@type":"Person","@id":"https:\/\/cloudbyte7.com\/#\/schema\/person\/d52888235fd6563bd07d97185d6a61e4","name":"Bruno Gianni","image":{"@type":"ImageObject","inLanguage":"ru-RU","@id":"https:\/\/cloudbyte7.com\/#\/schema\/person\/image\/","url":"https:\/\/secure.gravatar.com\/avatar\/0f5d42d7bf77874643c1478932860e3f?s=96&d=mm&r=g","contentUrl":"https:\/\/secure.gravatar.com\/avatar\/0f5d42d7bf77874643c1478932860e3f?s=96&d=mm&r=g","caption":"Bruno Gianni"},"description":"Bruno writes the way he lives, with curiosity, care, and respect for people. He likes to observe, listen, and try to understand what is happening on the other side before putting any words on the page.For him, writing is not about impressing, but about getting closer. It is about turning thoughts into something simple, clear, and real. Every text is an ongoing conversation, created with care and honesty, with the sincere intention of touching someone, somewhere along the way.","url":"https:\/\/cloudbyte7.com\/ru\/author\/bcgianni\/"}]}},"_links":{"self":[{"href":"https:\/\/cloudbyte7.com\/ru\/wp-json\/wp\/v2\/posts\/3115"}],"collection":[{"href":"https:\/\/cloudbyte7.com\/ru\/wp-json\/wp\/v2\/posts"}],"about":[{"href":"https:\/\/cloudbyte7.com\/ru\/wp-json\/wp\/v2\/types\/post"}],"author":[{"embeddable":true,"href":"https:\/\/cloudbyte7.com\/ru\/wp-json\/wp\/v2\/users\/3"}],"replies":[{"embeddable":true,"href":"https:\/\/cloudbyte7.com\/ru\/wp-json\/wp\/v2\/comments?post=3115"}],"version-history":[{"count":1,"href":"https:\/\/cloudbyte7.com\/ru\/wp-json\/wp\/v2\/posts\/3115\/revisions"}],"predecessor-version":[{"id":3121,"href":"https:\/\/cloudbyte7.com\/ru\/wp-json\/wp\/v2\/posts\/3115\/revisions\/3121"}],"wp:attachment":[{"href":"https:\/\/cloudbyte7.com\/ru\/wp-json\/wp\/v2\/media?parent=3115"}],"wp:term":[{"taxonomy":"category","embeddable":true,"href":"https:\/\/cloudbyte7.com\/ru\/wp-json\/wp\/v2\/categories?post=3115"},{"taxonomy":"post_tag","embeddable":true,"href":"https:\/\/cloudbyte7.com\/ru\/wp-json\/wp\/v2\/tags?post=3115"}],"curies":[{"name":"wp","href":"https:\/\/api.w.org\/{rel}","templated":true}]}}